{"id":3219,"date":"2017-06-21T15:00:29","date_gmt":"2017-06-21T13:00:29","guid":{"rendered":"http:\/\/www.messinaoggi.it\/website\/?p=3219"},"modified":"2017-06-21T15:00:29","modified_gmt":"2017-06-21T13:00:29","slug":"giustizialisti-un-libro-per-spiegare-la-giustizia-alla-gente-comune","status":"publish","type":"post","link":"https:\/\/www.messinaoggi.it\/website\/2017\/06\/21\/giustizialisti-un-libro-per-spiegare-la-giustizia-alla-gente-comune\/","title":{"rendered":"Giustizialisti: un libro per spiegare la Giustizia alla gente comune"},"content":{"rendered":"<p style=\"text-align: justify\">\u201cNoi con le nostre forze di Polizia li abbiamo arrestati. I giudici li hanno liberati. L\u2019opinione pubblica decider\u00e0\u201d.<div id=\"div-gpt-ad-Messinaoggi.it-DSK-300x250-corpoart\" style=\"text-align:center;margin:0 auto;\"><\/div><\/p>\n<p style=\"text-align: justify\">Cos\u00ec l\u2019ex ministro dell\u2019interno Angelino Alfano all\u2019indomani dei disordini degli antagonisti avvenuti a Bologna nel novembre del 2015. Ma i giudici di Bologna hanno davvero deciso liberamente, o hanno semplicemente applicato le leggi in materia che il parlamento aveva varato in precedenza? Alfano, ma non solo, sa che un magistrato spesso ha l&#8217;obbligo di scarcerare qualcuno, pur riconoscendo che la norma impone una scelta che egli stesso ritiene sbagliata.\u00a0Lasciandolo in galera, infatti, incorrerebbe in una severa misura disciplinare. Questo, al contrario, non vale per i politici che se votano una legge iniqua o ad personam sono indenni da rischi perch\u00e9 agiscono nell&#8217;\u00abesercizio dell&#8217;attivit\u00e0 parlamentare\u00bb.<div id=\"videoincontent\" style=\"clear:both\";><\/div><\/p>\n<p style=\"text-align: justify\">Il Procuratore aggiunto Sebastiano Ardita e l\u2019ex Presidente dell\u2019Anm Piercamillo Davigo cercano di dare una risposta a questa domanda, lo fanno in un libro \u201cGiustizialisti\u201d pubblicato di recente.<\/p>\n<p style=\"text-align: justify\">Un libro duro, sull&#8217;eterno scontro tra magistratura e politica. Un viaggio nelle aule dei tribunali, nelle Procure e nelle carceri dove i paradossi della legislazione nostrana implicano decisioni al limite della decenza e dove la giustizia diventa spesso ingiustizia.<\/p>\n<p style=\"text-align: justify\">Nella sua illuminante prefazione Marco Travaglio spiega come i due magistrati hanno realizzato il suo sogno mancato, gi\u00e0 preconizzato da Indro Montanelli, ovvero spiegare in termini semplici e comprensibili la Giustizia, vera o presunta o negata, alla cosiddetta gente comune o, come spiega Sebastiano Ardita in un\u2019intervista rilasciata proprio a Nuccio Anselmo e pubblicata dalla Gazzetta del Sud, \u201cPer fare chiarezza sulle ragioni che rendono difficili in Italia i percorsi della Giustizia. Per spiegare con linguaggio semplice ai cittadini perch\u00e9 un processo pu\u00f2 anche durare dieci anni, ed alle vittime dei reati come mai \u00e8 possibile rivedere per strada dopo qualche giorno chi li ha derubati con uno scippo o entrando in casa\u201d.<\/p>\n<p style=\"text-align: justify\">\u201cGiustizialisti\u201d \u00e8 quel \u201ccodice penale&#8221; (e anche di procedura penale) scritto in un italiano chiaro, diretto, comprensibile, sognato da Indro Montanelli o, per dirla ancora con Marco Travaglio, \u201ctradotto in italiano\u201d. Sebastiano Ardita ne parler\u00e0 con il pubblico gioved\u00ec 22 giugno alle ore 18:00 alla Feltrinelli Point di via ghibellina 32.<\/p>\n<p style=\"text-align: justify\">Dialogheranno con lui il giornalista Nuccio Anselmo e l\u2019avvocato Carmelo Scillia.<\/p>\n<p style=\"text-align: right\"><em>Serena Votano<\/em><\/p>\n<p style=\"text-align: justify\"><img loading=\"lazy\" class=\"alignnone size-medium wp-image-3236\" src=\"http:\/\/www.messinaoggi.it\/website\/wp-content\/uploads\/2017\/06\/locandina-giustizialisti-300x215.jpg\" alt=\"\" width=\"300\" height=\"215\" \/><\/p>\n","protected":false},"excerpt":{"rendered":"<p>\u201cNoi con le nostre forze di Polizia li abbiamo arrestati. I giudici li hanno liberati. L\u2019opinione pubblica decider\u00e0\u201d. Cos\u00ec l\u2019ex ministro dell\u2019interno Angelino Alfano all\u2019indomani dei disordini degli antagonisti avvenuti a Bologna nel novembre del 2015. Ma i giudici di Bologna hanno davvero deciso liberamente, o hanno semplicemente applicato le leggi in materia che il [&hellip;]<\/p>\n","protected":false},"author":8,"featured_media":3237,"comment_status":"closed","ping_status":"open","sticky":false,"template":"","format":"standard","meta":{"ub_ctt_via":"","_mi_skip_tracking":false},"categories":[16],"tags":[],"featured_image_src":"https:\/\/www.messinaoggi.it\/website\/wp-content\/uploads\/2017\/06\/giustizialisti-2.jpg","author_info":{"display_name":"red..me","author_link":"https:\/\/www.messinaoggi.it\/website\/author\/redstage\/"},"digistream_id":0,"digistream":false,"_links":{"self":[{"href":"https:\/\/www.messinaoggi.it\/website\/wp-json\/wp\/v2\/posts\/3219"}],"collection":[{"href":"https:\/\/www.messinaoggi.it\/website\/wp-json\/wp\/v2\/posts"}],"about":[{"href":"https:\/\/www.messinaoggi.it\/website\/wp-json\/wp\/v2\/types\/post"}],"author":[{"embeddable":true,"href":"https:\/\/www.messinaoggi.it\/website\/wp-json\/wp\/v2\/users\/8"}],"replies":[{"embeddable":true,"href":"https:\/\/www.messinaoggi.it\/website\/wp-json\/wp\/v2\/comments?post=3219"}],"version-history":[{"count":0,"href":"https:\/\/www.messinaoggi.it\/website\/wp-json\/wp\/v2\/posts\/3219\/revisions"}],"wp:featuredmedia":[{"embeddable":true,"href":"https:\/\/www.messinaoggi.it\/website\/wp-json\/wp\/v2\/media\/3237"}],"wp:attachment":[{"href":"https:\/\/www.messinaoggi.it\/website\/wp-json\/wp\/v2\/media?parent=3219"}],"wp:term":[{"taxonomy":"category","embeddable":true,"href":"https:\/\/www.messinaoggi.it\/website\/wp-json\/wp\/v2\/categories?post=3219"},{"taxonomy":"post_tag","embeddable":true,"href":"https:\/\/www.messinaoggi.it\/website\/wp-json\/wp\/v2\/tags?post=3219"}],"curies":[{"name":"wp","href":"https:\/\/api.w.org\/{rel}","templated":true}]}}