{"id":32172,"date":"2019-05-03T09:45:21","date_gmt":"2019-05-03T07:45:21","guid":{"rendered":"http:\/\/www.messinaoggi.it\/website\/?p=32172"},"modified":"2019-05-03T09:45:21","modified_gmt":"2019-05-03T07:45:21","slug":"aspettando-la-bandiera-blu-musolino-via-alla-istallazione-delle-docce-sulle-spiagge","status":"publish","type":"post","link":"https:\/\/www.messinaoggi.it\/website\/2019\/05\/03\/aspettando-la-bandiera-blu-musolino-via-alla-istallazione-delle-docce-sulle-spiagge\/","title":{"rendered":"&quot;Aspettando la bandiera blu&quot;, Musolino: &quot;Via alla istallazione delle docce sulle spiagge&quot;"},"content":{"rendered":"<p class=\"p1\"><span class=\"s1\">Prendono forma le attivit\u00e0 oggetto della delibera \u201cAspettando la Bandiera Blu\u201d. L\u2019assessore alle Politiche del Mare e Beni Demaniali Marittimi Dafne Musolino annuncia che \u201cLe maestranze dell\u2019Amam si sono recate a Torre Faro dove hanno provveduto ad individuare e segnalare il punto di presa d\u2019acqua al quale collegare le docce che verranno installate come previsto nella delibera \u2018Aspettando la Bandiera Blu\u2019. Inoltre il dipartimento Lavori Pubblici, sempre in esecuzione della predetta ordinanza, ha gi\u00e0 predisposto gli atti per la realizzazione delle passerelle di accesso al mare e l\u2019installazione delle docce ed aree di pertinenza sul litorale. In queste ore il dipartimento sta gi\u00e0 procedendo all\u2019acquisto delle attrezzature da installare sulla spiaggia. Per la pulizia delle spiagge si \u00e8 provveduto, come stabilito in delibera, a pubblicare idoneo atto di avviso per la selezione dei beneficiari di borse lavoro che contribuiranno a tenere pulito il litorale\u201d. Infine, in esecuzione del punto della delibera con il quale \u00e8 stata introdotta, per la prima volta a Messina, il servizio di assistenza e salvamento acquatico, l\u2019assessore Musolino comunica di avere gi\u00e0 convocato un tavolo tecnico con la partecipazione della Capitaneria di Porto, per discutere sulle modalit\u00e0 di esecuzione ed elaborare un modello partecipato di gestione del Servizio di Salvataggio Bagnanti con il rappresentante della Federazione Italiana Salvamento Acquatico (F.I.S.A.) e con il coinvolgimento della sezione Navale della Polizia municipale, della Guardia Costiera e di tutte le Associazioni di sport acquatici che vorranno collaborare con l\u2019Amministrazione comunale. L\u2019assessore Musolino precisa infine che \u201cLe attivit\u00e0 demandate ai vari dipartimenti per l\u2019attuazione della Delibera \u2018Aspettando la Bandiera Blu\u2019 sono articolate e coinvolgono pi\u00f9 dipartimenti e societ\u00e0 partecipate, per cui si esprime un sincero apprezzamento per la rapidit\u00e0 con la quale si stanno predisponendo tutti gli atti necessari, a dimostrazione che vi \u00e8 una grande e sinergica attivit\u00e0 di supporto alle azioni politiche messe in campo dall\u2019Amministrazione De Luca\u201d.<\/span><div id=\"div-gpt-ad-Messinaoggi.it-DSK-300x250-corpoart\" style=\"text-align:center;margin:0 auto;\"><\/div><\/p>\n<div id=\"videoincontent\" style=\"clear:both\";><\/div>","protected":false},"excerpt":{"rendered":"<p>Prendono forma le attivit\u00e0 oggetto della delibera \u201cAspettando la Bandiera Blu\u201d. L\u2019assessore alle Politiche del Mare e Beni Demaniali Marittimi Dafne Musolino annuncia che \u201cLe maestranze dell\u2019Amam si sono recate a Torre Faro dove hanno provveduto ad individuare e segnalare il punto di presa d\u2019acqua al quale collegare le docce che verranno installate come previsto [&hellip;]<\/p>\n","protected":false},"author":2,"featured_media":30029,"comment_status":"closed","ping_status":"open","sticky":false,"template":"","format":"standard","meta":{"ub_ctt_via":"","_mi_skip_tracking":false},"categories":[4],"tags":[],"featured_image_src":"https:\/\/www.messinaoggi.it\/website\/wp-content\/uploads\/2019\/03\/IMG_20190301_102839.jpg","author_info":{"display_name":"Redazione","author_link":"https:\/\/www.messinaoggi.it\/website\/author\/redazione\/"},"digistream_id":0,"digistream":false,"_links":{"self":[{"href":"https:\/\/www.messinaoggi.it\/website\/wp-json\/wp\/v2\/posts\/32172"}],"collection":[{"href":"https:\/\/www.messinaoggi.it\/website\/wp-json\/wp\/v2\/posts"}],"about":[{"href":"https:\/\/www.messinaoggi.it\/website\/wp-json\/wp\/v2\/types\/post"}],"author":[{"embeddable":true,"href":"https:\/\/www.messinaoggi.it\/website\/wp-json\/wp\/v2\/users\/2"}],"replies":[{"embeddable":true,"href":"https:\/\/www.messinaoggi.it\/website\/wp-json\/wp\/v2\/comments?post=32172"}],"version-history":[{"count":0,"href":"https:\/\/www.messinaoggi.it\/website\/wp-json\/wp\/v2\/posts\/32172\/revisions"}],"wp:featuredmedia":[{"embeddable":true,"href":"https:\/\/www.messinaoggi.it\/website\/wp-json\/wp\/v2\/media\/30029"}],"wp:attachment":[{"href":"https:\/\/www.messinaoggi.it\/website\/wp-json\/wp\/v2\/media?parent=32172"}],"wp:term":[{"taxonomy":"category","embeddable":true,"href":"https:\/\/www.messinaoggi.it\/website\/wp-json\/wp\/v2\/categories?post=32172"},{"taxonomy":"post_tag","embeddable":true,"href":"https:\/\/www.messinaoggi.it\/website\/wp-json\/wp\/v2\/tags?post=32172"}],"curies":[{"name":"wp","href":"https:\/\/api.w.org\/{rel}","templated":true}]}}