{"id":32092,"date":"2019-04-30T12:33:52","date_gmt":"2019-04-30T10:33:52","guid":{"rendered":"http:\/\/www.messinaoggi.it\/website\/?p=32092"},"modified":"2019-04-30T12:33:52","modified_gmt":"2019-04-30T10:33:52","slug":"terziario-moderato-ottimismo-per-il-futuro-della-gicap","status":"publish","type":"post","link":"https:\/\/www.messinaoggi.it\/website\/2019\/04\/30\/terziario-moderato-ottimismo-per-il-futuro-della-gicap\/","title":{"rendered":"Terziario: moderato ottimismo per il futuro della Gicap"},"content":{"rendered":"<p style=\"text-align: justify;\">C&#8217;\u00e8 moderato ottimismo per il futuro della Commerciale Gicap Spa, l&#8217;azienda messinese che gestisce oltre 50 punti vendita fra Sicilia e Calabria che nelle scorse settimane ha dichiarato lo stato di crisi. Ieri pomeriggio s&#8217;\u00e8 tenuto un incontro fra i vertici aziendali e le rappresentanze sindacali, nel corso del quale \u00e8 stato affrontato il tema riguardante il futuro degli oltre 700 lavoratori.<div id=\"div-gpt-ad-Messinaoggi.it-DSK-300x250-corpoart\" style=\"text-align:center;margin:0 auto;\"><\/div><\/p>\n<p style=\"text-align: justify;\">L&#8217;azienda ha manifestato la propria volont\u00e0 di passare la gestione dei punti vendita (mediante fitto con opzione di vendita), ad una societ\u00e0 controllata dal colosso della grande distribuzione Apulia Spa. La trattativa \u00e8 molto avviata e da parte sindacale c&#8217;\u00e8 la ferma richiesta di preservare tutti i livelli occupazionali.<div id=\"videoincontent\" style=\"clear:both\";><\/div><\/p>\n<p style=\"text-align: justify;\">La vertenza sar\u00e0 spostata sui tavoli del Ministero per lo sviluppo economico e si attende la convocazione della parti a brevissima scadenza considerato che molti fornitori da qualche settimana hanno chiuso con le forniture e i punti vendita sono sprovvisti di merce deperibile. La corsa contro il tempo \u00e8 appena iniziata e considerata la portata della vertenza che coinvolge due regioni (Sicilia e Calabria), e il numero dei lavoratori c&#8217;\u00e8 da attendersi una convocazione con il carattere dell&#8217;urgenza.<\/p>\n<p style=\"text-align: justify;\">Da parte sua la Gicap avrebbe garantito la volont\u00e0 di salvaguardare i livelli occupazionali.<\/p>\n","protected":false},"excerpt":{"rendered":"<p>C&#8217;\u00e8 moderato ottimismo per il futuro della Commerciale Gicap Spa, l&#8217;azienda messinese che gestisce oltre 50 punti vendita fra Sicilia e Calabria che nelle scorse settimane ha dichiarato lo stato di crisi. Ieri pomeriggio s&#8217;\u00e8 tenuto un incontro fra i vertici aziendali e le rappresentanze sindacali, nel corso del quale \u00e8 stato affrontato il tema [&hellip;]<\/p>\n","protected":false},"author":2,"featured_media":32093,"comment_status":"closed","ping_status":"open","sticky":false,"template":"","format":"standard","meta":{"ub_ctt_via":"","_mi_skip_tracking":false},"categories":[5],"tags":[],"featured_image_src":"https:\/\/www.messinaoggi.it\/website\/wp-content\/uploads\/2019\/04\/A22590571_LG.jpg","author_info":{"display_name":"Redazione","author_link":"https:\/\/www.messinaoggi.it\/website\/author\/redazione\/"},"digistream_id":0,"digistream":false,"_links":{"self":[{"href":"https:\/\/www.messinaoggi.it\/website\/wp-json\/wp\/v2\/posts\/32092"}],"collection":[{"href":"https:\/\/www.messinaoggi.it\/website\/wp-json\/wp\/v2\/posts"}],"about":[{"href":"https:\/\/www.messinaoggi.it\/website\/wp-json\/wp\/v2\/types\/post"}],"author":[{"embeddable":true,"href":"https:\/\/www.messinaoggi.it\/website\/wp-json\/wp\/v2\/users\/2"}],"replies":[{"embeddable":true,"href":"https:\/\/www.messinaoggi.it\/website\/wp-json\/wp\/v2\/comments?post=32092"}],"version-history":[{"count":0,"href":"https:\/\/www.messinaoggi.it\/website\/wp-json\/wp\/v2\/posts\/32092\/revisions"}],"wp:featuredmedia":[{"embeddable":true,"href":"https:\/\/www.messinaoggi.it\/website\/wp-json\/wp\/v2\/media\/32093"}],"wp:attachment":[{"href":"https:\/\/www.messinaoggi.it\/website\/wp-json\/wp\/v2\/media?parent=32092"}],"wp:term":[{"taxonomy":"category","embeddable":true,"href":"https:\/\/www.messinaoggi.it\/website\/wp-json\/wp\/v2\/categories?post=32092"},{"taxonomy":"post_tag","embeddable":true,"href":"https:\/\/www.messinaoggi.it\/website\/wp-json\/wp\/v2\/tags?post=32092"}],"curies":[{"name":"wp","href":"https:\/\/api.w.org\/{rel}","templated":true}]}}