{"id":32090,"date":"2019-04-30T12:15:25","date_gmt":"2019-04-30T10:15:25","guid":{"rendered":"http:\/\/www.messinaoggi.it\/website\/?p=32090"},"modified":"2019-04-30T12:15:25","modified_gmt":"2019-04-30T10:15:25","slug":"festa-del-lavoro-uil-sicilia-situazione-drammatica-nellisola-tutto-fermo","status":"publish","type":"post","link":"https:\/\/www.messinaoggi.it\/website\/2019\/04\/30\/festa-del-lavoro-uil-sicilia-situazione-drammatica-nellisola-tutto-fermo\/","title":{"rendered":"Festa del lavoro, Uil Sicilia: &quot;Situazione drammatica, nell&#039;Isola tutto fermo&quot;"},"content":{"rendered":"<p>\u201c<em>La situazione nel nostro Paese \u00e8 drammatica, la Sicilia \u00e8 ferma e la disoccupazione ha raggiunto livelli da record. Non esiste pi\u00f9 quella cultura che punta al lavoro produttivo ed \u00e8 sempre pi\u00f9 netta la divisione tra Nord e Sud<\/em>\u201d. Cos\u00ec il leader della Uil Sicilia, Claudio Barone, alla vigilia della Festa del lavoro, mostrandosi in particolar modo preoccupato per le generazioni pi\u00f9 giovani: \u201c<em>I nostri giovani, anche quelli pi\u00f9 brillanti,<\/em> &#8211; prosegue Barone &#8211; <em>sono costretti a fuggire alla ricerca di un futuro migliore. Nella nostra Isola non c\u2019\u00e8 speranza di trovare occupazione n\u00e9 tantomeno di tornare una volta acquisiti titoli ed esperienza. Ecco perch\u00e9 \u00e8 necessario invertire questa tendenza, evitando la desertificazione. La cultura del lavoro produttivo \u00e8 l\u2019unico modo per ridare dignit\u00e0 ai giovani, ai siciliani che devo essere cittadini e non sudditi<\/em>\u201d.<br \/>\nCon riferimento poi allo stato di perenne dissesto finanziario delle ex province siciliane \u2013 per le quali il sindaco della Citt\u00e0 Metropolitana di Messina Cateno De Luca ha organizzato la cosiddetta <span style=\"text-decoration: underline\"><a href=\"http:\/\/www.messinaoggi.it\/website\/2019\/04\/30\/marcia-della-dignita-uil-e-cgil-dicono-no-alla-strumentalizzazione-del-1-maggio\/\">marcia della dignit\u00e0<\/a><\/span> proprio in occasione del primo maggio, suscitando immediatamente la disapprovazione da parte delle sigle messinesi di Uil e Cgil \u2013 il segretario della Uil Sicilia dichiara: \u201c<em>Ancora oggi non sono arrivate risposte sulle risorse necessarie a garantire lavoratori e servizi essenziali in carico alle ex Province siciliane. Diventa quindi improrogabile la convocazione di un nuovo tavolo di confronto per capire qual \u00e8 la direzione che si sta seguendo e quali sono, a distanza di settimane, le risposte che le istituzioni e la politica nazionale e regionale intendono dare al nostro appello. <strong>Questi enti non possono per\u00f2 essere visti solo come un poltronificio buono per le cordate politiche<\/strong>, al quale la Uil non \u00e8 interessata. Bisogna invece tenere presente, al di l\u00e0 della governance, che le ex province svolgono funzioni fondamentali come quelle relative alla viabilit\u00e0, alla manutenzione scuole e all\u2019assistenza degli invalidi, ed \u00e8 su tutto questo che chiediamo di focalizzare l\u2019attenzione<\/em>\u201d.<div id=\"div-gpt-ad-Messinaoggi.it-DSK-300x250-corpoart\" style=\"text-align:center;margin:0 auto;\"><\/div><\/p>\n<div id=\"videoincontent\" style=\"clear:both\";><\/div>","protected":false},"excerpt":{"rendered":"<p>\u201cLa situazione nel nostro Paese \u00e8 drammatica, la Sicilia \u00e8 ferma e la disoccupazione ha raggiunto livelli da record. Non esiste pi\u00f9 quella cultura che punta al lavoro produttivo ed \u00e8 sempre pi\u00f9 netta la divisione tra Nord e Sud\u201d. Cos\u00ec il leader della Uil Sicilia, Claudio Barone, alla vigilia della Festa del lavoro, mostrandosi [&hellip;]<\/p>\n","protected":false},"author":8,"featured_media":3176,"comment_status":"closed","ping_status":"open","sticky":false,"template":"","format":"standard","meta":{"ub_ctt_via":"","_mi_skip_tracking":false},"categories":[11],"tags":[],"featured_image_src":"https:\/\/www.messinaoggi.it\/website\/wp-content\/uploads\/2017\/06\/Barone-Claudio-2.jpg","author_info":{"display_name":"red..me","author_link":"https:\/\/www.messinaoggi.it\/website\/author\/redstage\/"},"digistream_id":0,"digistream":false,"_links":{"self":[{"href":"https:\/\/www.messinaoggi.it\/website\/wp-json\/wp\/v2\/posts\/32090"}],"collection":[{"href":"https:\/\/www.messinaoggi.it\/website\/wp-json\/wp\/v2\/posts"}],"about":[{"href":"https:\/\/www.messinaoggi.it\/website\/wp-json\/wp\/v2\/types\/post"}],"author":[{"embeddable":true,"href":"https:\/\/www.messinaoggi.it\/website\/wp-json\/wp\/v2\/users\/8"}],"replies":[{"embeddable":true,"href":"https:\/\/www.messinaoggi.it\/website\/wp-json\/wp\/v2\/comments?post=32090"}],"version-history":[{"count":0,"href":"https:\/\/www.messinaoggi.it\/website\/wp-json\/wp\/v2\/posts\/32090\/revisions"}],"wp:featuredmedia":[{"embeddable":true,"href":"https:\/\/www.messinaoggi.it\/website\/wp-json\/wp\/v2\/media\/3176"}],"wp:attachment":[{"href":"https:\/\/www.messinaoggi.it\/website\/wp-json\/wp\/v2\/media?parent=32090"}],"wp:term":[{"taxonomy":"category","embeddable":true,"href":"https:\/\/www.messinaoggi.it\/website\/wp-json\/wp\/v2\/categories?post=32090"},{"taxonomy":"post_tag","embeddable":true,"href":"https:\/\/www.messinaoggi.it\/website\/wp-json\/wp\/v2\/tags?post=32090"}],"curies":[{"name":"wp","href":"https:\/\/api.w.org\/{rel}","templated":true}]}}