{"id":32086,"date":"2019-04-30T11:17:13","date_gmt":"2019-04-30T09:17:13","guid":{"rendered":"http:\/\/www.messinaoggi.it\/website\/?p=32086"},"modified":"2019-04-30T11:17:13","modified_gmt":"2019-04-30T09:17:13","slug":"marcia-della-dignita-uil-e-cgil-dicono-no-alla-strumentalizzazione-del-1-maggio","status":"publish","type":"post","link":"https:\/\/www.messinaoggi.it\/website\/2019\/04\/30\/marcia-della-dignita-uil-e-cgil-dicono-no-alla-strumentalizzazione-del-1-maggio\/","title":{"rendered":"Marcia della dignit\u00e0, Uil e Cgil dicono no alla strumentalizzazione del 1. maggio"},"content":{"rendered":"<p style=\"text-align: justify\">Manca poco alla cosiddetta <strong>marcia della dignit\u00e0<\/strong> promossa dal sindaco metropolitano Cateno De Luca. Infatti, in occasione del primo maggio, giornata dall\u2019elevato valore simbolico dato che si celebra la festa dei lavoratori, De Luca ha deciso di organizzare una protesta contro il governo regionale e nazionale in quanto resisi responsabili di non aver fatto abbastanza per riassestare le finanze dell\u2019ex Provincia di Messina e, pi\u00f9 in generale, delle citt\u00e0 metropolitane siciliane. Il culmine della protesta sar\u00e0 raggiunto intorno alle ore 11 di domani, momento in cui il primo cittadino si recher\u00e0 presso il palazzo della Prefettura di Messina per consegnare la propria fascia azzurra di sindaco metropolitano al prefetto Maria Carmela Librizzi. Il sindaco ha immediatamente esteso l\u2019invito ai restanti 107 primi cittadini della citt\u00e0 dello Stretto: \u201cI colleghi sindaci sono invitati a partecipare, unitamente alla giunta e al consiglio comunale, con la fascia tricolore\u201d, si legge in un post su Facebook di De Luca. La protesta in esame avr\u00e0 sicuramente un alto valore istituzionale, ma c\u2019\u00e8 chi vede in tale iniziativa anche un forte movente politico, che rischierebbe di pesare pi\u00f9 del fine istituzionale stesso. Infatti, le elezioni europee sono ormai alle porte, e tra i candidati nella circoscrizione del sud Italia figura anche l\u2019assessore messinese Dafne Musolino.<div id=\"div-gpt-ad-Messinaoggi.it-DSK-300x250-corpoart\" style=\"text-align:center;margin:0 auto;\"><\/div><\/p>\n<p style=\"text-align: justify\"><strong>E i sindacati?<\/strong> A nutrire fortemente questo dubbio sono proprio le principali sigle sindacali, che temono per l\u2019appunto che il sindaco metropolitano possa strumentalizzare una giornata dall\u2019elevato valore simbolico per meri fini di propaganda elettorale.<div id=\"videoincontent\" style=\"clear:both\";><\/div><\/p>\n<p style=\"text-align: justify\">In particolare, il segretario generale della <strong>Uil Messina<\/strong>, Ivan Tripodi, dichiara: \u201cSiamo assolutamente persuasi della gravissima e inaccettabile strumentalit\u00e0, per fini meramente elettorali, che De Luca intende fare della problematica dei lavoratori della Citt\u00e0 Metropolitana. I lavoratori dell\u2019ex Provincia non possono essere strumentalizzati o considerati materia di bassa campagna elettorale poich\u00e9 la loro vicenda tocca la carne viva di centinaia di donne e uomini giustamente angosciati per il loro futuro. La Uil Messina ribadisce che la salvaguardia del futuro e delle prospettive occupazionali dei lavoratori della Citt\u00e0 Metropolitana passa dall\u2019apertura di un&#8217;indispensabile vertenza, alquanto complessa, nei confronti del governo regionale e nazionale finalizzata alla definitiva risoluzione della questione che, per essere chiari, non pu\u00f2 avere come arco temporale conclusivo la data di svolgimento delle elezioni europee e poi, magari, farla cadere nel dimenticatoio\u201d.<\/p>\n<p style=\"text-align: justify\">Sulla stessa lunghezza d\u2019onda \u00e8 la <strong>Cgil di Messina<\/strong>, la quale per il tramite del suo segretario generale Giovanni Mastroeni dichiara: \u201cLa scelta assolutamente fuori luogo e di cattivo gusto della data del primo maggio rientra in quelle modalit\u00e0 di esposizione mediatica che nulla hanno a che vedere con quanto si deve fare, ma tratteggiano la necessit\u00e0 di esposizione personale del sindaco in piena campagna elettorale, rischiando cos\u00ec di inficiare i risultati e trasformare tutto in sterile contrapposizione politica. A questo stato di cose diciamo assolutamente no. \u00c8 ora di smetterla di speculare su questi enti e di cominciare a dare risposte e certezze ai cittadini e ai lavoratori. La giornata del primo maggio non \u00e8 nella disponibilit\u00e0 di nessuno se non dei lavoratori tutti nel rispetto dell\u2019alto valore simbolico connesso&#8221;.<\/p>\n","protected":false},"excerpt":{"rendered":"<p>Manca poco alla cosiddetta marcia della dignit\u00e0 promossa dal sindaco metropolitano Cateno De Luca. Infatti, in occasione del primo maggio, giornata dall\u2019elevato valore simbolico dato che si celebra la festa dei lavoratori, De Luca ha deciso di organizzare una protesta contro il governo regionale e nazionale in quanto resisi responsabili di non aver fatto abbastanza [&hellip;]<\/p>\n","protected":false},"author":10,"featured_media":29409,"comment_status":"closed","ping_status":"open","sticky":false,"template":"","format":"standard","meta":{"ub_ctt_via":"","_mi_skip_tracking":false},"categories":[6],"tags":[],"featured_image_src":"https:\/\/www.messinaoggi.it\/website\/wp-content\/uploads\/2019\/02\/Fallimento-citta-metropolitana-de-luca.jpg","author_info":{"display_name":"Paolo Mustica","author_link":"https:\/\/www.messinaoggi.it\/website\/author\/p-mustica\/"},"digistream_id":0,"digistream":false,"_links":{"self":[{"href":"https:\/\/www.messinaoggi.it\/website\/wp-json\/wp\/v2\/posts\/32086"}],"collection":[{"href":"https:\/\/www.messinaoggi.it\/website\/wp-json\/wp\/v2\/posts"}],"about":[{"href":"https:\/\/www.messinaoggi.it\/website\/wp-json\/wp\/v2\/types\/post"}],"author":[{"embeddable":true,"href":"https:\/\/www.messinaoggi.it\/website\/wp-json\/wp\/v2\/users\/10"}],"replies":[{"embeddable":true,"href":"https:\/\/www.messinaoggi.it\/website\/wp-json\/wp\/v2\/comments?post=32086"}],"version-history":[{"count":0,"href":"https:\/\/www.messinaoggi.it\/website\/wp-json\/wp\/v2\/posts\/32086\/revisions"}],"wp:featuredmedia":[{"embeddable":true,"href":"https:\/\/www.messinaoggi.it\/website\/wp-json\/wp\/v2\/media\/29409"}],"wp:attachment":[{"href":"https:\/\/www.messinaoggi.it\/website\/wp-json\/wp\/v2\/media?parent=32086"}],"wp:term":[{"taxonomy":"category","embeddable":true,"href":"https:\/\/www.messinaoggi.it\/website\/wp-json\/wp\/v2\/categories?post=32086"},{"taxonomy":"post_tag","embeddable":true,"href":"https:\/\/www.messinaoggi.it\/website\/wp-json\/wp\/v2\/tags?post=32086"}],"curies":[{"name":"wp","href":"https:\/\/api.w.org\/{rel}","templated":true}]}}