{"id":32083,"date":"2019-04-30T09:22:45","date_gmt":"2019-04-30T07:22:45","guid":{"rendered":"http:\/\/www.messinaoggi.it\/website\/?p=32083"},"modified":"2019-04-30T09:22:45","modified_gmt":"2019-04-30T07:22:45","slug":"il-macron-dello-stretto-lancia-la-marcia-dei-sindaci","status":"publish","type":"post","link":"https:\/\/www.messinaoggi.it\/website\/2019\/04\/30\/il-macron-dello-stretto-lancia-la-marcia-dei-sindaci\/","title":{"rendered":"Il &quot;Macron dello Stretto&quot; lancia la marcia dei sindaci&#8230;"},"content":{"rendered":"<p style=\"text-align: justify;\">Il braccio di ferro ingaggiato con il governo nazionale per ottenere le risorse necessarie a \u201csalvare\u201d la Citt\u00e0 Metropolitana di Messina dal fallimento, potrebbe essere solo un pretesto.<div id=\"div-gpt-ad-Messinaoggi.it-DSK-300x250-corpoart\" style=\"text-align:center;margin:0 auto;\"><\/div><\/p>\n<p style=\"text-align: justify;\"><strong>Cateno De Luca<\/strong> sta indossando i panni del \u201cleader\u201d travestendosi da \u201c<strong>Macron<\/strong>\u201d e lancia la \u201cmarcia dei sindaci\u201d, giusto domani, in occasione della Festa del 1. Maggio. Un\u2019iniziativa che far\u00e0 certamente discutere, non tanto per le finalit\u00e0 quanto per i \u201cmezzi\u201d utilizzati. Se da un lato, De Luca ha sollecitato i sindaci della citt\u00e0 Metropolitana di Messina (dovrebbero essere 107, se parteciperanno tutti), dall&#8217;altro alcune sigle sindacali, comprese le autonome, hanno deciso di aderire spontaneamente alla marcia che partir\u00e0 da piazza Duomo per concludersi di fronte al Palazzo del Governo.<div id=\"videoincontent\" style=\"clear:both\";><\/div><\/p>\n<p style=\"text-align: justify;\">Laddove il sindaco metropolitano, Cateno De Luca, consegner\u00e0 la fascia blu al prefetto in segno di protesta. L\u2019occasione sar\u00e0 propizia per fare la cosiddetta conta, in vista delle elezioni europee del 26 maggio, che vedranno in prima linea l\u2019assessore <strong>Dafne Musolino<\/strong>, candidata con FI. Il \u201cMacron dello Stretto\u201d ha lanciato l\u2019iniziativa che ha un fine istituzionale, ma che allo stesso tempo ha una valenza politica.<\/p>\n<p style=\"text-align: justify;\">Intanto, De Luca un obiettivo l\u2019ha gi\u00e0 ottenuto: ovvero lacerare ancor di pi\u00f9 le relazioni fra i sindacati confederali messinesi, la cui unit\u00e0 ormai \u00e8 soltanto un lontano ricordo. <strong>Tonino Genovese<\/strong>, segretario della Cisl, al di l\u00e0 del ruolo istituzionale ricoperto, ha fatto una scelta politica netta.<\/p>\n<p style=\"text-align: justify;\">Lo stesso ha fatto <strong>Clara Croc\u00e8<\/strong>, la quale ha pagato con la \u201cdefenestrazione\u201d dalla Cgil il suo attivismo nei confronti di <strong>Cateno De Luca<\/strong>, e da qualche mese \u00e8 tornata ad occupare la scrivania della Soprintendenza ai Beni Culturali, dopo decenni di distacco sindacale.<\/p>\n","protected":false},"excerpt":{"rendered":"<p>Il braccio di ferro ingaggiato con il governo nazionale per ottenere le risorse necessarie a \u201csalvare\u201d la Citt\u00e0 Metropolitana di Messina dal fallimento, potrebbe essere solo un pretesto. Cateno De Luca sta indossando i panni del \u201cleader\u201d travestendosi da \u201cMacron\u201d e lancia la \u201cmarcia dei sindaci\u201d, giusto domani, in occasione della Festa del 1. Maggio. [&hellip;]<\/p>\n","protected":false},"author":2,"featured_media":31754,"comment_status":"closed","ping_status":"open","sticky":false,"template":"","format":"standard","meta":{"ub_ctt_via":"","_mi_skip_tracking":false},"categories":[4],"tags":[],"featured_image_src":"https:\/\/www.messinaoggi.it\/website\/wp-content\/uploads\/2019\/04\/F0B4B421-35AE-4F71-8EC5-CA0C0E6DBB03.jpeg","author_info":{"display_name":"Redazione","author_link":"https:\/\/www.messinaoggi.it\/website\/author\/redazione\/"},"digistream_id":0,"digistream":false,"_links":{"self":[{"href":"https:\/\/www.messinaoggi.it\/website\/wp-json\/wp\/v2\/posts\/32083"}],"collection":[{"href":"https:\/\/www.messinaoggi.it\/website\/wp-json\/wp\/v2\/posts"}],"about":[{"href":"https:\/\/www.messinaoggi.it\/website\/wp-json\/wp\/v2\/types\/post"}],"author":[{"embeddable":true,"href":"https:\/\/www.messinaoggi.it\/website\/wp-json\/wp\/v2\/users\/2"}],"replies":[{"embeddable":true,"href":"https:\/\/www.messinaoggi.it\/website\/wp-json\/wp\/v2\/comments?post=32083"}],"version-history":[{"count":0,"href":"https:\/\/www.messinaoggi.it\/website\/wp-json\/wp\/v2\/posts\/32083\/revisions"}],"wp:featuredmedia":[{"embeddable":true,"href":"https:\/\/www.messinaoggi.it\/website\/wp-json\/wp\/v2\/media\/31754"}],"wp:attachment":[{"href":"https:\/\/www.messinaoggi.it\/website\/wp-json\/wp\/v2\/media?parent=32083"}],"wp:term":[{"taxonomy":"category","embeddable":true,"href":"https:\/\/www.messinaoggi.it\/website\/wp-json\/wp\/v2\/categories?post=32083"},{"taxonomy":"post_tag","embeddable":true,"href":"https:\/\/www.messinaoggi.it\/website\/wp-json\/wp\/v2\/tags?post=32083"}],"curies":[{"name":"wp","href":"https:\/\/api.w.org\/{rel}","templated":true}]}}