{"id":32056,"date":"2019-04-29T17:28:13","date_gmt":"2019-04-29T15:28:13","guid":{"rendered":"http:\/\/www.messinaoggi.it\/website\/?p=32056"},"modified":"2019-04-29T17:28:13","modified_gmt":"2019-04-29T15:28:13","slug":"la-cisl-aderisce-in-massa-alla-manifestazione-del-1-maggio-sindaci-in-marcia","status":"publish","type":"post","link":"https:\/\/www.messinaoggi.it\/website\/2019\/04\/29\/la-cisl-aderisce-in-massa-alla-manifestazione-del-1-maggio-sindaci-in-marcia\/","title":{"rendered":"La Cisl aderisce in massa alla manifestazione del 1. maggio &quot;Sindaci in marcia&quot;"},"content":{"rendered":"<p class=\"p1\" style=\"text-align: justify;\"><span class=\"s1\">&#8220;La Cisl Messina, con le federazioni del Pubblico Impiego e la Filca, parteciper\u00e0 alla manifestazione annunciata dal Sindaco Metropolitano Cateno De Luca per il Primo maggio per tutelare e difendere il nostro territorio e per sensibilizzare i governi nazionali e regionali sul futuro delle ex Province&#8221;. L&#8217;annuncio in un documento inviato alla stampa nel pomeriggio.<\/span><div id=\"div-gpt-ad-Messinaoggi.it-DSK-300x250-corpoart\" style=\"text-align:center;margin:0 auto;\"><\/div><\/p>\n<p class=\"p1\" style=\"text-align: justify;\"><span class=\"s1\">\u00abAderiamo all\u2019iniziativa \u2013 afferma il segretario generale della Cisl Messina, Tonino Genovese \u2013 perch\u00e8 concordiamo nella necessit\u00e0 di assumere una posizione forte che punti alla soluzione del problema e che sia da stimolo e consapevolezza ai Governi nazionale e regionale. Non ritengo utile, per\u00f2, interrompere le attivit\u00e0 e le funzioni della Citt\u00e0 Metropolitana \u2013 precisa Genovese &#8211; perch\u00e9 si corre il rischio che a pagarne le conseguenze siano gli utenti, la comunit\u00e0, i lavoratori a tempo indeterminato e quelli a tempo determinato per i quali riteniamo non sia sufficiente la proroga a 60 giorni e quindi invitiamo il Sindaco metropolitano a prorogare i contratti sino al 31 dicembre\u00bb.<\/span><div id=\"videoincontent\" style=\"clear:both\";><\/div><\/p>\n<p class=\"p1\" style=\"text-align: justify;\"><span class=\"s1\">\u00abMalgrado i proclami, sino ad oggi non c\u2019\u00e8 nulla di concreto \u2013 aggiunge il reggente della Cisl Fp Messina, il segretario nazionale Gigi Caracausi &#8211; l\u2019immobilismo dei governi mette a serio rischio posti di lavoro ed occupazione, la stabilizzazione dei precari, oltre a vanificare ogni speranza di rinascita del territorio. Perci\u00f2 saremo accanto al Sindaco Metropolitano ed ai Sindaci del territorio provinciale e parteciperemo alla manifestazione in maniera forte e convinta con tutto il gruppo dirigente della Cisl Fp di Messina\u00bb.<\/span><\/p>\n<p class=\"p1\" style=\"text-align: justify;\"><span class=\"s1\">Anche la Federazione degli Edili della Cisl parteciper\u00e0 alla manifestazione del 1. maggio perch\u00e9 con il default dell\u2019Ente \u00abc\u2019\u00e8 il rischio concreto di perdere finanziamenti importanti \u2013 sostiene il segretario provinciale della Filca Cisl, Giuseppe Famiano \u2013 quelli per la gestione ordinaria delle manutenzioni e soprattutto quelli previsti dai Patti. Ci sono decine di opere che rischiano di bloccarsi, compromettendo l\u2019occupazione e non realizzando quelle manutenzioni e quelle nuove infrastrutture necessarie al territorio\u00bb.<\/span><\/p>\n","protected":false},"excerpt":{"rendered":"<p>&#8220;La Cisl Messina, con le federazioni del Pubblico Impiego e la Filca, parteciper\u00e0 alla manifestazione annunciata dal Sindaco Metropolitano Cateno De Luca per il Primo maggio per tutelare e difendere il nostro territorio e per sensibilizzare i governi nazionali e regionali sul futuro delle ex Province&#8221;. L&#8217;annuncio in un documento inviato alla stampa nel pomeriggio. [&hellip;]<\/p>\n","protected":false},"author":2,"featured_media":1879,"comment_status":"closed","ping_status":"open","sticky":false,"template":"","format":"standard","meta":{"ub_ctt_via":"","_mi_skip_tracking":false},"categories":[6],"tags":[],"featured_image_src":"https:\/\/www.messinaoggi.it\/website\/wp-content\/uploads\/2017\/06\/Genovese-Tonino-1-2.jpg","author_info":{"display_name":"Redazione","author_link":"https:\/\/www.messinaoggi.it\/website\/author\/redazione\/"},"digistream_id":0,"digistream":false,"_links":{"self":[{"href":"https:\/\/www.messinaoggi.it\/website\/wp-json\/wp\/v2\/posts\/32056"}],"collection":[{"href":"https:\/\/www.messinaoggi.it\/website\/wp-json\/wp\/v2\/posts"}],"about":[{"href":"https:\/\/www.messinaoggi.it\/website\/wp-json\/wp\/v2\/types\/post"}],"author":[{"embeddable":true,"href":"https:\/\/www.messinaoggi.it\/website\/wp-json\/wp\/v2\/users\/2"}],"replies":[{"embeddable":true,"href":"https:\/\/www.messinaoggi.it\/website\/wp-json\/wp\/v2\/comments?post=32056"}],"version-history":[{"count":0,"href":"https:\/\/www.messinaoggi.it\/website\/wp-json\/wp\/v2\/posts\/32056\/revisions"}],"wp:featuredmedia":[{"embeddable":true,"href":"https:\/\/www.messinaoggi.it\/website\/wp-json\/wp\/v2\/media\/1879"}],"wp:attachment":[{"href":"https:\/\/www.messinaoggi.it\/website\/wp-json\/wp\/v2\/media?parent=32056"}],"wp:term":[{"taxonomy":"category","embeddable":true,"href":"https:\/\/www.messinaoggi.it\/website\/wp-json\/wp\/v2\/categories?post=32056"},{"taxonomy":"post_tag","embeddable":true,"href":"https:\/\/www.messinaoggi.it\/website\/wp-json\/wp\/v2\/tags?post=32056"}],"curies":[{"name":"wp","href":"https:\/\/api.w.org\/{rel}","templated":true}]}}