{"id":32008,"date":"2019-04-29T10:18:13","date_gmt":"2019-04-29T08:18:13","guid":{"rendered":"http:\/\/www.messinaoggi.it\/website\/?p=32008"},"modified":"2019-04-29T10:18:13","modified_gmt":"2019-04-29T08:18:13","slug":"identita-siciliana-fa-il-suo-esordio-nella-politica-messinese","status":"publish","type":"post","link":"https:\/\/www.messinaoggi.it\/website\/2019\/04\/29\/identita-siciliana-fa-il-suo-esordio-nella-politica-messinese\/","title":{"rendered":"Identit\u00e0 siciliana fa il suo esordio nella politica messinese"},"content":{"rendered":"<p style=\"text-align: justify;\">\u00c8 nata ufficialmente il 25 aprile, in un clima di festa, l&#8217;associazione politico-culturale &#8220;Identit\u00e0 Siciliana&#8221;, che include tra gli associati l&#8217;ex consigliere comunale Alessandro La Cava, il Presidente del I Quartiere Giovanni Scopelliti, i consiglieri Maurizio Pietroburgo, Antonio Crupi e Francesco De Luca.<div id=\"div-gpt-ad-Messinaoggi.it-DSK-300x250-corpoart\" style=\"text-align:center;margin:0 auto;\"><\/div><\/p>\n<p style=\"text-align: justify;\">&#8220;In un momento di grande fermento politico &#8211; spiega La Cava &#8211; abbiamo deciso di dare vita ad una associazione che possa realmente coinvolgere il territorio verso una nuova concezione di politica che va oltre l&#8217;ideologia di destra o di sinistra e che rivendica con forza il concetto di <em>identit\u00e0<\/em> ed appartenenza ad un territorio troppe volte offeso da una classe politica nazionale abile esclusivamente a recuperare consensi utili ad aumentare il divario socioeconomico tra nord e sud&#8221;.<br \/>\nL&#8217;associazione nasce con l\u2019intento di promuovere lo studio di forme di sviluppo sociale, civile ed economico del territorio, attraverso le valide opportunit\u00e0 offerte dall\u2019attuazione di quanto previsto nello statuto autonomo della nostra Regione, con priorit\u00e0 per il lavoro, l\u2019imprenditoria e la tutela ambientale. &#8220;La nostra associazione &#8211; prosegue La Cava &#8211; vuole rappresentare e sviluppare una nuova area identitaria e meridionalista nella provincia di Messina, di supporto all\u2019azione politica di Sicilia Futura e del On. Picciolo, mantenendo vivi i presupposti troppo spesso trascurati di tutela e salvaguardia del concetto di \u201cmessinesit\u00e0\u201d\u00bb.<div id=\"videoincontent\" style=\"clear:both\";><\/div><\/p>\n<p style=\"text-align: justify;\">La Cava ha evidenziato che \u00abquesta iniziativa, oltre a dare risposte con i fatti ai tanti cittadini che ci seguono, ci consente di formare nuova classe dirigente, attraverso l&#8217;istituzione di una scuola di formazione politica, che non si appaghi nell\u2019essere riuscita a sostituire una lampadina piuttosto che scerbare una piazzuola o spostare un cassonetto dei rifiuti ma che trovi gratificazione nello sviluppare idee che possano creare le condizioni per una nuova occupazione e,soprattutto, un nuovo riscatto sociale.<br \/>\nSiamo coscienti che ci sar\u00e0 tanto da lavorare e, stimolati dall&#8217;appello del Sindaco De Luca, in sinergia con l&#8217;on Picciolo, cominceremo<br \/>\ncoinvolgendo soprattutto i consiglieri di quartiere che gi\u00e0 conoscono le problematiche del territorio e lavorano ogni giorno confrontandosi<br \/>\ncostantemente con i cittadini. Uniti in un percorso identitario che supera gli steccati dei partiti e che punta dritto al riconoscimento ed alla valorizzazione della nostra identit\u00e0 a Messina,in Sicilia e nel resto dell&#8217;Italia. Ieri al I quartiere si \u00e8 costituito il primo inter-gruppo di Identit\u00e0 Siciliana.<\/p>\n","protected":false},"excerpt":{"rendered":"<p>\u00c8 nata ufficialmente il 25 aprile, in un clima di festa, l&#8217;associazione politico-culturale &#8220;Identit\u00e0 Siciliana&#8221;, che include tra gli associati l&#8217;ex consigliere comunale Alessandro La Cava, il Presidente del I Quartiere Giovanni Scopelliti, i consiglieri Maurizio Pietroburgo, Antonio Crupi e Francesco De Luca. &#8220;In un momento di grande fermento politico &#8211; spiega La Cava &#8211; [&hellip;]<\/p>\n","protected":false},"author":2,"featured_media":18210,"comment_status":"closed","ping_status":"open","sticky":false,"template":"","format":"standard","meta":{"ub_ctt_via":"","_mi_skip_tracking":false},"categories":[5],"tags":[],"featured_image_src":"https:\/\/www.messinaoggi.it\/website\/wp-content\/uploads\/2018\/04\/La-Cava-Alessandro-mezzo-busto-messinaoggiMR-1.jpg","author_info":{"display_name":"Redazione","author_link":"https:\/\/www.messinaoggi.it\/website\/author\/redazione\/"},"digistream_id":0,"digistream":false,"_links":{"self":[{"href":"https:\/\/www.messinaoggi.it\/website\/wp-json\/wp\/v2\/posts\/32008"}],"collection":[{"href":"https:\/\/www.messinaoggi.it\/website\/wp-json\/wp\/v2\/posts"}],"about":[{"href":"https:\/\/www.messinaoggi.it\/website\/wp-json\/wp\/v2\/types\/post"}],"author":[{"embeddable":true,"href":"https:\/\/www.messinaoggi.it\/website\/wp-json\/wp\/v2\/users\/2"}],"replies":[{"embeddable":true,"href":"https:\/\/www.messinaoggi.it\/website\/wp-json\/wp\/v2\/comments?post=32008"}],"version-history":[{"count":0,"href":"https:\/\/www.messinaoggi.it\/website\/wp-json\/wp\/v2\/posts\/32008\/revisions"}],"wp:featuredmedia":[{"embeddable":true,"href":"https:\/\/www.messinaoggi.it\/website\/wp-json\/wp\/v2\/media\/18210"}],"wp:attachment":[{"href":"https:\/\/www.messinaoggi.it\/website\/wp-json\/wp\/v2\/media?parent=32008"}],"wp:term":[{"taxonomy":"category","embeddable":true,"href":"https:\/\/www.messinaoggi.it\/website\/wp-json\/wp\/v2\/categories?post=32008"},{"taxonomy":"post_tag","embeddable":true,"href":"https:\/\/www.messinaoggi.it\/website\/wp-json\/wp\/v2\/tags?post=32008"}],"curies":[{"name":"wp","href":"https:\/\/api.w.org\/{rel}","templated":true}]}}