{"id":31982,"date":"2019-04-27T08:00:57","date_gmt":"2019-04-27T06:00:57","guid":{"rendered":"http:\/\/www.messinaoggi.it\/website\/?p=31982"},"modified":"2019-04-27T08:00:57","modified_gmt":"2019-04-27T06:00:57","slug":"aeroporto-del-mela-siracusano-presenta-proposta-di-legge-per-istituirlo","status":"publish","type":"post","link":"https:\/\/www.messinaoggi.it\/website\/2019\/04\/27\/aeroporto-del-mela-siracusano-presenta-proposta-di-legge-per-istituirlo\/","title":{"rendered":"Aeroporto del Mela, Siracusano presenta proposta di legge per istituirlo"},"content":{"rendered":"<p>&#8220;<em>Il Governo non ha intenzione di costruire il Ponte sullo Stretto, ma per garantire la continuit\u00e0 territoriale dobbiamo avere i collegamenti<\/em>\u201d. A riferirlo \u00e8 l\u2019esponente di Forza Italia alla Camera dei Deputati Matilde Siracusano, decidendo in tal senso di presentare nella giornata di ieri un\u2019apposita proposta di legge per istituire l\u2019aeroporto del Mela, quale opera infrastrutturale strategica, di interesse nazionale per lo sviluppo economico, sociale e turistico del bacino dell\u2019area dello stretto e del sud del Paese.<br \/>\n\u201c<em>Nel giorno del mio compleanno <\/em>\u2013 dichiara la deputata forzista \u2013 <em>mi sono regalata la proposta di legge per l\u2019istituzione dell\u2019aeroporto del Mela. In realt\u00e0, pi\u00f9 che un regalo \u00e8 una necessit\u00e0 e considerato che il Ministro Toninelli ha espresso la volont\u00e0 di promuoverlo, che il Governo lo facesse, approvando la proposta<\/em>&#8220;.<br \/>\n\u201c<em>Ricordo inoltre<\/em> \u2013 conclude Siracusano \u2013 <em>che si tratterebbe di un&#8217;opera gi\u00e0 studiata in passato dalla Provincia regionale di Messina, il cui progetto era stato sottoscritto da pi\u00f9 di 80mila persone e da ben 64 sindaci del comprensorio<\/em>&#8220;.<div id=\"div-gpt-ad-Messinaoggi.it-DSK-300x250-corpoart\" style=\"text-align:center;margin:0 auto;\"><\/div><\/p>\n<div id=\"videoincontent\" style=\"clear:both\";><\/div>","protected":false},"excerpt":{"rendered":"<p>&#8220;Il Governo non ha intenzione di costruire il Ponte sullo Stretto, ma per garantire la continuit\u00e0 territoriale dobbiamo avere i collegamenti\u201d. A riferirlo \u00e8 l\u2019esponente di Forza Italia alla Camera dei Deputati Matilde Siracusano, decidendo in tal senso di presentare nella giornata di ieri un\u2019apposita proposta di legge per istituire l\u2019aeroporto del Mela, quale opera [&hellip;]<\/p>\n","protected":false},"author":8,"featured_media":16215,"comment_status":"closed","ping_status":"open","sticky":false,"template":"","format":"standard","meta":{"ub_ctt_via":"","_mi_skip_tracking":false},"categories":[4],"tags":[],"featured_image_src":"https:\/\/www.messinaoggi.it\/website\/wp-content\/uploads\/2018\/02\/thumbnail_IMG-20180220-WA0102-1.jpg","author_info":{"display_name":"red..me","author_link":"https:\/\/www.messinaoggi.it\/website\/author\/redstage\/"},"digistream_id":0,"digistream":false,"_links":{"self":[{"href":"https:\/\/www.messinaoggi.it\/website\/wp-json\/wp\/v2\/posts\/31982"}],"collection":[{"href":"https:\/\/www.messinaoggi.it\/website\/wp-json\/wp\/v2\/posts"}],"about":[{"href":"https:\/\/www.messinaoggi.it\/website\/wp-json\/wp\/v2\/types\/post"}],"author":[{"embeddable":true,"href":"https:\/\/www.messinaoggi.it\/website\/wp-json\/wp\/v2\/users\/8"}],"replies":[{"embeddable":true,"href":"https:\/\/www.messinaoggi.it\/website\/wp-json\/wp\/v2\/comments?post=31982"}],"version-history":[{"count":0,"href":"https:\/\/www.messinaoggi.it\/website\/wp-json\/wp\/v2\/posts\/31982\/revisions"}],"wp:featuredmedia":[{"embeddable":true,"href":"https:\/\/www.messinaoggi.it\/website\/wp-json\/wp\/v2\/media\/16215"}],"wp:attachment":[{"href":"https:\/\/www.messinaoggi.it\/website\/wp-json\/wp\/v2\/media?parent=31982"}],"wp:term":[{"taxonomy":"category","embeddable":true,"href":"https:\/\/www.messinaoggi.it\/website\/wp-json\/wp\/v2\/categories?post=31982"},{"taxonomy":"post_tag","embeddable":true,"href":"https:\/\/www.messinaoggi.it\/website\/wp-json\/wp\/v2\/tags?post=31982"}],"curies":[{"name":"wp","href":"https:\/\/api.w.org\/{rel}","templated":true}]}}