{"id":3193,"date":"2017-06-21T08:00:17","date_gmt":"2017-06-21T06:00:17","guid":{"rendered":"http:\/\/www.messinaoggi.it\/website\/?p=3193"},"modified":"2017-06-21T08:00:17","modified_gmt":"2017-06-21T06:00:17","slug":"milazzo-giunta-ospite-della-ram-per-la-presentazione-del-bilancio","status":"publish","type":"post","link":"https:\/\/www.messinaoggi.it\/website\/2017\/06\/21\/milazzo-giunta-ospite-della-ram-per-la-presentazione-del-bilancio\/","title":{"rendered":"Milazzo, giunta ospite della RaM per la presentazione del Bilancio"},"content":{"rendered":"<p>Mercoled\u00ec prossimo la giunta di Milazzo, presieduta dal sindaco Giovanni Formica, sar\u00e0 ospite della RaM in occasione della presentazione del Bilancio di Sostenibilit\u00e0 2016.<br \/>\nSeguir\u00e0 successivamente\u00a0una visita in raffineria alla presenza dei vertici della pi\u00f9 grossa azienda della provincia di Messina.<br \/>\nIl bilancio di Sostenibilit\u00e0 \u00e8 uno strumento strategico per la Raffineria di Milazzo.<div id=\"div-gpt-ad-Messinaoggi.it-DSK-300x250-corpoart\" style=\"text-align:center;margin:0 auto;\"><\/div><\/p>\n<div id=\"videoincontent\" style=\"clear:both\";><\/div>","protected":false},"excerpt":{"rendered":"<p>Mercoled\u00ec prossimo la giunta di Milazzo, presieduta dal sindaco Giovanni Formica, sar\u00e0 ospite della RaM in occasione della presentazione del Bilancio di Sostenibilit\u00e0 2016. Seguir\u00e0 successivamente\u00a0una visita in raffineria alla presenza dei vertici della pi\u00f9 grossa azienda della provincia di Messina. Il bilancio di Sostenibilit\u00e0 \u00e8 uno strumento strategico per la Raffineria di Milazzo.<\/p>\n","protected":false},"author":8,"featured_media":3195,"comment_status":"closed","ping_status":"open","sticky":false,"template":"","format":"standard","meta":{"ub_ctt_via":"","_mi_skip_tracking":false},"categories":[13,14],"tags":[],"featured_image_src":"https:\/\/www.messinaoggi.it\/website\/wp-content\/uploads\/2017\/06\/raffineria-milazzo-ingresso-ram-2.jpg","author_info":{"display_name":"red..me","author_link":"https:\/\/www.messinaoggi.it\/website\/author\/redstage\/"},"digistream_id":0,"digistream":false,"_links":{"self":[{"href":"https:\/\/www.messinaoggi.it\/website\/wp-json\/wp\/v2\/posts\/3193"}],"collection":[{"href":"https:\/\/www.messinaoggi.it\/website\/wp-json\/wp\/v2\/posts"}],"about":[{"href":"https:\/\/www.messinaoggi.it\/website\/wp-json\/wp\/v2\/types\/post"}],"author":[{"embeddable":true,"href":"https:\/\/www.messinaoggi.it\/website\/wp-json\/wp\/v2\/users\/8"}],"replies":[{"embeddable":true,"href":"https:\/\/www.messinaoggi.it\/website\/wp-json\/wp\/v2\/comments?post=3193"}],"version-history":[{"count":0,"href":"https:\/\/www.messinaoggi.it\/website\/wp-json\/wp\/v2\/posts\/3193\/revisions"}],"wp:featuredmedia":[{"embeddable":true,"href":"https:\/\/www.messinaoggi.it\/website\/wp-json\/wp\/v2\/media\/3195"}],"wp:attachment":[{"href":"https:\/\/www.messinaoggi.it\/website\/wp-json\/wp\/v2\/media?parent=3193"}],"wp:term":[{"taxonomy":"category","embeddable":true,"href":"https:\/\/www.messinaoggi.it\/website\/wp-json\/wp\/v2\/categories?post=3193"},{"taxonomy":"post_tag","embeddable":true,"href":"https:\/\/www.messinaoggi.it\/website\/wp-json\/wp\/v2\/tags?post=3193"}],"curies":[{"name":"wp","href":"https:\/\/api.w.org\/{rel}","templated":true}]}}