{"id":31872,"date":"2019-04-24T10:06:40","date_gmt":"2019-04-24T08:06:40","guid":{"rendered":"http:\/\/www.messinaoggi.it\/website\/?p=31872"},"modified":"2019-04-24T10:06:40","modified_gmt":"2019-04-24T08:06:40","slug":"micciche-dopo-le-europee-lascio-coordinamento-fi","status":"publish","type":"post","link":"https:\/\/www.messinaoggi.it\/website\/2019\/04\/24\/micciche-dopo-le-europee-lascio-coordinamento-fi\/","title":{"rendered":"Miccich\u00e8: &quot;Dopo le europee lascio coordinamento FI&quot;"},"content":{"rendered":"<p style=\"text-align: justify;\">Gianfranco Miccich\u00e8 ha annunciato oggi il suo &#8220;addio&#8221; alla guida di Forza Italia dopo le elezioni europee. Lo fa con abbondante anticipo a seguito delle polemiche seguite all&#8217;abbandono di alcuni pezzi da novanta per le scelte delle candidature.<div id=\"div-gpt-ad-Messinaoggi.it-DSK-300x250-corpoart\" style=\"text-align:center;margin:0 auto;\"><\/div><\/p>\n<p style=\"text-align: justify;\">&#8220;Non per incompatibilit\u00e0, ma per stanchezza a seguire due compiti cos\u00ec gravosi, lascer\u00f2 il coordinamento del partito dopo le Europee&#8221;.<div id=\"videoincontent\" style=\"clear:both\";><\/div><\/p>\n<p style=\"text-align: justify;\">Lo dice, in un&#8217;intervista a &#8220;Il Mattino&#8221;, Gianfranco Miccich\u00e8, presidente dell&#8217;Assemblea regionale siciliana e coordinatore di Forza Italia nell&#8217;Isola.<\/p>\n","protected":false},"excerpt":{"rendered":"<p>Gianfranco Miccich\u00e8 ha annunciato oggi il suo &#8220;addio&#8221; alla guida di Forza Italia dopo le elezioni europee. Lo fa con abbondante anticipo a seguito delle polemiche seguite all&#8217;abbandono di alcuni pezzi da novanta per le scelte delle candidature. &#8220;Non per incompatibilit\u00e0, ma per stanchezza a seguire due compiti cos\u00ec gravosi, lascer\u00f2 il coordinamento del partito [&hellip;]<\/p>\n","protected":false},"author":2,"featured_media":8222,"comment_status":"closed","ping_status":"open","sticky":false,"template":"","format":"standard","meta":{"ub_ctt_via":"","_mi_skip_tracking":false},"categories":[19,4],"tags":[],"featured_image_src":"https:\/\/www.messinaoggi.it\/website\/wp-content\/uploads\/2017\/09\/L-genovese-palaculturaRRP_7480-2.jpg","author_info":{"display_name":"Redazione","author_link":"https:\/\/www.messinaoggi.it\/website\/author\/redazione\/"},"digistream_id":0,"digistream":false,"_links":{"self":[{"href":"https:\/\/www.messinaoggi.it\/website\/wp-json\/wp\/v2\/posts\/31872"}],"collection":[{"href":"https:\/\/www.messinaoggi.it\/website\/wp-json\/wp\/v2\/posts"}],"about":[{"href":"https:\/\/www.messinaoggi.it\/website\/wp-json\/wp\/v2\/types\/post"}],"author":[{"embeddable":true,"href":"https:\/\/www.messinaoggi.it\/website\/wp-json\/wp\/v2\/users\/2"}],"replies":[{"embeddable":true,"href":"https:\/\/www.messinaoggi.it\/website\/wp-json\/wp\/v2\/comments?post=31872"}],"version-history":[{"count":0,"href":"https:\/\/www.messinaoggi.it\/website\/wp-json\/wp\/v2\/posts\/31872\/revisions"}],"wp:featuredmedia":[{"embeddable":true,"href":"https:\/\/www.messinaoggi.it\/website\/wp-json\/wp\/v2\/media\/8222"}],"wp:attachment":[{"href":"https:\/\/www.messinaoggi.it\/website\/wp-json\/wp\/v2\/media?parent=31872"}],"wp:term":[{"taxonomy":"category","embeddable":true,"href":"https:\/\/www.messinaoggi.it\/website\/wp-json\/wp\/v2\/categories?post=31872"},{"taxonomy":"post_tag","embeddable":true,"href":"https:\/\/www.messinaoggi.it\/website\/wp-json\/wp\/v2\/tags?post=31872"}],"curies":[{"name":"wp","href":"https:\/\/api.w.org\/{rel}","templated":true}]}}