{"id":31870,"date":"2019-04-24T09:56:55","date_gmt":"2019-04-24T07:56:55","guid":{"rendered":"http:\/\/www.messinaoggi.it\/website\/?p=31870"},"modified":"2019-04-24T09:56:55","modified_gmt":"2019-04-24T07:56:55","slug":"direttori-sanitari-e-amministrativi-la-uil-fpl-scrive-allassessore-razza","status":"publish","type":"post","link":"https:\/\/www.messinaoggi.it\/website\/2019\/04\/24\/direttori-sanitari-e-amministrativi-la-uil-fpl-scrive-allassessore-razza\/","title":{"rendered":"Direttori sanitari e amministrativi, la Uil-Fpl scrive all&#039;assessore Razza"},"content":{"rendered":"<p>Pippo Calapai e Mario Salvatore Macr\u00ec, rispettivamente segretario generale e responsabile Area Medica della Uil-Fpl Messina, hanno scritto una lettera aperta all&#8217;assessore regionale alla Salute pubblica Ruggero Razza a proposito delle nomine dei direttori sanitari e amministrativi della aziende ospedaliere. Si sollecitano le nomine evitando che alla base vi siano &#8220;giochi&#8221; politici che le bloccano paralizzando l&#8217;attivit\u00e0 amministrativa delle aziende.<br \/>\nEcco il testo della lettera.<br \/>\n&#8220;La scrivente Organizzazione Sindacale ritiene indispensabile che i Direttori Generali delle Aziende Sanitarie Messinesi recentemente nominati, nominino con immediatezza i rispettivi Direttori Sanitari e Amministrativi.<br \/>\nGi\u00e0, a nostro parere, le gestioni commissariali hanno prodotto un forte rallentamento dell\u2019azione amministrativa, con forti refluenze negative nei confronti dei cittadini utenti e dei lavoratori.<br \/>\nInfatti, a tutt\u2019oggi non sono state ancora avviate, se non solo parzialmente in qualche Azienda Sanitaria, le procedure negoziali per la definizione dei contratti integrativi aziendali dell\u2019area del comparto per l\u2019applicazione di importanti e qualificanti istituti contrattuali, quali ad esempio incarichi di funzione, di coordinamento, incarichi professionali, incarichi di esperti e per l\u2019area dirigenziale il rinnovo degli incarichi professionali.<br \/>\nAttendiamo inoltre lo sblocco completo delle procedure concorsuali per assicurare alle Aziende Sanitarie il personale necessario, dell\u2019Area Medica e del Comparto al fine di garantire i LEA. Purtroppo tale blocco \u00e8 legato alla definizione dei nuovi atti aziendali e delle nuove dotazioni organiche che nella provincia di Messina avranno u forte impatto anche come assegnazione di massa salariale per effetto della nuova riclassificazione del PO di Barcellona PG.<br \/>\nSig. Assessore, non vorremmo minimamente immaginare che le nomine dei nuovi Diretti Sanitari e Amministrativi, per legge di esclusiva prerogativa dei Direttori Generali, vengano scientificamente ritardate, per consentire la quadratura del cerchio di piena connotazione politica, a dopo le Elezioni Europee.<br \/>\nSe cos\u00ec fosse, significherebbe che avremmo una Sanit\u00e0 allo sbando, una sanit\u00e0 condizionata dai partiti politici.<br \/>\nAuspichiamo pertanto che la S.V. inviti i Direttori Generali a nominare con urgenza, in piena autonomia i Direttori Sanitari e i Direttori Amministrativi per avviare la stagione del cambiamento e della rinascita della sanit\u00e0 siciliana ed in particolare di quella messinese&#8221;.<div id=\"div-gpt-ad-Messinaoggi.it-DSK-300x250-corpoart\" style=\"text-align:center;margin:0 auto;\"><\/div><\/p>\n<div id=\"videoincontent\" style=\"clear:both\";><\/div>","protected":false},"excerpt":{"rendered":"<p>Pippo Calapai e Mario Salvatore Macr\u00ec, rispettivamente segretario generale e responsabile Area Medica della Uil-Fpl Messina, hanno scritto una lettera aperta all&#8217;assessore regionale alla Salute pubblica Ruggero Razza a proposito delle nomine dei direttori sanitari e amministrativi della aziende ospedaliere. Si sollecitano le nomine evitando che alla base vi siano &#8220;giochi&#8221; politici che le bloccano [&hellip;]<\/p>\n","protected":false},"author":2,"featured_media":21994,"comment_status":"closed","ping_status":"open","sticky":false,"template":"","format":"standard","meta":{"ub_ctt_via":"","_mi_skip_tracking":false},"categories":[5],"tags":[],"featured_image_src":"https:\/\/www.messinaoggi.it\/website\/wp-content\/uploads\/2018\/07\/Razza-Ruggero-assessore-salute-con-ingresso-Cutroni-Zodda-800x445-messinaoggiMarcyRuggi-1.jpg","author_info":{"display_name":"Redazione","author_link":"https:\/\/www.messinaoggi.it\/website\/author\/redazione\/"},"digistream_id":0,"digistream":false,"_links":{"self":[{"href":"https:\/\/www.messinaoggi.it\/website\/wp-json\/wp\/v2\/posts\/31870"}],"collection":[{"href":"https:\/\/www.messinaoggi.it\/website\/wp-json\/wp\/v2\/posts"}],"about":[{"href":"https:\/\/www.messinaoggi.it\/website\/wp-json\/wp\/v2\/types\/post"}],"author":[{"embeddable":true,"href":"https:\/\/www.messinaoggi.it\/website\/wp-json\/wp\/v2\/users\/2"}],"replies":[{"embeddable":true,"href":"https:\/\/www.messinaoggi.it\/website\/wp-json\/wp\/v2\/comments?post=31870"}],"version-history":[{"count":0,"href":"https:\/\/www.messinaoggi.it\/website\/wp-json\/wp\/v2\/posts\/31870\/revisions"}],"wp:featuredmedia":[{"embeddable":true,"href":"https:\/\/www.messinaoggi.it\/website\/wp-json\/wp\/v2\/media\/21994"}],"wp:attachment":[{"href":"https:\/\/www.messinaoggi.it\/website\/wp-json\/wp\/v2\/media?parent=31870"}],"wp:term":[{"taxonomy":"category","embeddable":true,"href":"https:\/\/www.messinaoggi.it\/website\/wp-json\/wp\/v2\/categories?post=31870"},{"taxonomy":"post_tag","embeddable":true,"href":"https:\/\/www.messinaoggi.it\/website\/wp-json\/wp\/v2\/tags?post=31870"}],"curies":[{"name":"wp","href":"https:\/\/api.w.org\/{rel}","templated":true}]}}