{"id":31862,"date":"2019-04-24T09:41:27","date_gmt":"2019-04-24T07:41:27","guid":{"rendered":"http:\/\/www.messinaoggi.it\/website\/?p=31862"},"modified":"2019-04-24T09:41:27","modified_gmt":"2019-04-24T07:41:27","slug":"la-sicilia-si-prepara-per-accogliere-il-vice-premier-salvini","status":"publish","type":"post","link":"https:\/\/www.messinaoggi.it\/website\/2019\/04\/24\/la-sicilia-si-prepara-per-accogliere-il-vice-premier-salvini\/","title":{"rendered":"La Sicilia si prepara per accogliere il vice premier Salvini"},"content":{"rendered":"<p class=\"p1\"><span class=\"s1\">La Sicilia \u00e8 pronta ad accogliere Matteo Salvini per un 25 aprile di legalit\u00e0 insieme alle forze dell&#8217;ordine. Il vicepremier e ministro dell&#8217;Interno, nonch\u00e9 leader della Lega, da domani mattina a venerd\u00ec sera percorrer\u00e0 l\u2019Isola in lungo e in largo facendo tappa a Corleone, Monreale, Bagheria, Caltanissetta, Gela e Mazara del Vallo. Ad affiancarlo in tutti i suoi spostamenti ci saranno il senatore Stefano Candiani, sottosegretario all&#8217;Interno, e Igor Gelarda, candidato di punta della Lega alle europee del 26 maggio, gi\u00e0 responsabile regionale enti locali e capogruppo in Consiglio comunale a Palermo.<\/span><div id=\"div-gpt-ad-Messinaoggi.it-DSK-300x250-corpoart\" style=\"text-align:center;margin:0 auto;\"><\/div><\/p>\n<p class=\"p1\"><span class=\"s1\">Domani, 25 aprile, Salvini sar\u00e0 a Corleone, in provincia di Palermo, dove alle 11 inaugurer\u00e0 la nuova sede del commissariato di polizia, al cui ingresso verr\u00e0 scoperta una targa in memoria di tutte le vittime della mafia. \u201cQuest\u2019anno in Sicilia vivremo una festa della Liberazione un po\u2019 diversa dalle altre &#8211; dice Gelarda, candidato di punta della Lega alle elezioni europee del 26 maggio nel collegio Sicilia e Sardegna &#8211; ma carica ugualmente di significato, convinto come sono che questa terra abbia il diritto ad essere liberata da ogni forma di criminalit\u00e0. Salvini sta mantenendo fede a una promessa fatta ai poliziotti siciliani &#8211; aggiunge l&#8217;esponente siciliano del Carroccio &#8211; ovvero l&#8217;inaugurazione di un commissariato di polizia, come atto fortemente simbolico in una terra che ha voglia di riscatto e di legalit\u00e0. E per questo che da poliziotto lo ringrazio a nome di tutti gli uomini e le donne in divisa della nostra terra. A Corleone come in tutta la Sicilia &#8211; conclude Gelarda &#8211; il 25 aprile si far\u00e0 festa con chi lotta per la liberazione della Sicilia dalla mafia\u201d.<\/span><div id=\"videoincontent\" style=\"clear:both\";><\/div><\/p>\n<p class=\"p1\"><span class=\"s1\">Dopo Corleone, il tour di Salvini proseguir\u00e0 nei comuni dove la Lega si presenta con i suoi candidati sindaci alle elezioni amministrative di domenica 28 aprile. Si parte alle 16,15 a Monreale, in piazza Guglielmo II, per il candidato sindaco Giuseppe Romanotto. Alle 18 sar\u00e0 la volta di Bagheria, in piazza Matrice, per il candidato sindaco Gino Di Stefano, mentre alle 21,15 l\u2019appuntamento \u00e8 a Caltanissetta, in corso Umberto I, per sostenere l\u2019aspirante primo cittadino Oscar Aiello.\u00a0<\/span><\/p>\n<p class=\"p1\"><span class=\"s1\">Venerd\u00ec 26 aprile, alle 17, gli incontri proseguiranno a Gela, in piazza Umberto I, per sostenere il candidato primo cittadino Giuseppe Spata. Alle 21, il tour siciliano di Matteo Salvini si concluder\u00e0 a Mazara del Vallo, dove alle 21 in via Sansone si terr\u00e0 il comizio finale per sostenere il giovane candidato sindaco Giorgio Randazzo.<\/span><\/p>\n","protected":false},"excerpt":{"rendered":"<p>La Sicilia \u00e8 pronta ad accogliere Matteo Salvini per un 25 aprile di legalit\u00e0 insieme alle forze dell&#8217;ordine. Il vicepremier e ministro dell&#8217;Interno, nonch\u00e9 leader della Lega, da domani mattina a venerd\u00ec sera percorrer\u00e0 l\u2019Isola in lungo e in largo facendo tappa a Corleone, Monreale, Bagheria, Caltanissetta, Gela e Mazara del Vallo. Ad affiancarlo in [&hellip;]<\/p>\n","protected":false},"author":2,"featured_media":2269,"comment_status":"closed","ping_status":"open","sticky":false,"template":"","format":"standard","meta":{"ub_ctt_via":"","_mi_skip_tracking":false},"categories":[11],"tags":[],"featured_image_src":"https:\/\/www.messinaoggi.it\/website\/wp-content\/uploads\/2017\/06\/Salvini-Matteo-2.jpg","author_info":{"display_name":"Redazione","author_link":"https:\/\/www.messinaoggi.it\/website\/author\/redazione\/"},"digistream_id":0,"digistream":false,"_links":{"self":[{"href":"https:\/\/www.messinaoggi.it\/website\/wp-json\/wp\/v2\/posts\/31862"}],"collection":[{"href":"https:\/\/www.messinaoggi.it\/website\/wp-json\/wp\/v2\/posts"}],"about":[{"href":"https:\/\/www.messinaoggi.it\/website\/wp-json\/wp\/v2\/types\/post"}],"author":[{"embeddable":true,"href":"https:\/\/www.messinaoggi.it\/website\/wp-json\/wp\/v2\/users\/2"}],"replies":[{"embeddable":true,"href":"https:\/\/www.messinaoggi.it\/website\/wp-json\/wp\/v2\/comments?post=31862"}],"version-history":[{"count":0,"href":"https:\/\/www.messinaoggi.it\/website\/wp-json\/wp\/v2\/posts\/31862\/revisions"}],"wp:featuredmedia":[{"embeddable":true,"href":"https:\/\/www.messinaoggi.it\/website\/wp-json\/wp\/v2\/media\/2269"}],"wp:attachment":[{"href":"https:\/\/www.messinaoggi.it\/website\/wp-json\/wp\/v2\/media?parent=31862"}],"wp:term":[{"taxonomy":"category","embeddable":true,"href":"https:\/\/www.messinaoggi.it\/website\/wp-json\/wp\/v2\/categories?post=31862"},{"taxonomy":"post_tag","embeddable":true,"href":"https:\/\/www.messinaoggi.it\/website\/wp-json\/wp\/v2\/tags?post=31862"}],"curies":[{"name":"wp","href":"https:\/\/api.w.org\/{rel}","templated":true}]}}