{"id":31860,"date":"2019-04-24T09:26:42","date_gmt":"2019-04-24T07:26:42","guid":{"rendered":"http:\/\/www.messinaoggi.it\/website\/?p=31860"},"modified":"2019-04-24T09:26:42","modified_gmt":"2019-04-24T07:26:42","slug":"tram-guasto-e-citta-invasa-dai-tir-torna-lincubo-traffico","status":"publish","type":"post","link":"https:\/\/www.messinaoggi.it\/website\/2019\/04\/24\/tram-guasto-e-citta-invasa-dai-tir-torna-lincubo-traffico\/","title":{"rendered":"Tram guasto e citt\u00e0 invasa dai Tir: torna l&#039;incubo traffico"},"content":{"rendered":"<p>Anche questa mattina la linea del Tram \u00e8 inservibile a causa di un guasto e per questo motivo l&#8217;Atm ha istituito delle corse alternative con bus navetta. Ci\u00f2 sta determinando disagi per gli utenti del servizio pubblico e un appesantimento del traffico veicolare.<br \/>\nMercoled\u00ec da incubo per gli automobilisti messinesi dal momento che la citt\u00e0 \u00e8 tornata ad essere invasa dai Tir a causa dell&#8217;insabbiamento del porto di Tremestieri. Gi\u00e0 ieri s&#8217;\u00e8 avuto un antipasto di quello che accade oggi: ovvero strade intasate dai mezzi.<br \/>\n<img loading=\"lazy\" class=\"size-medium wp-image-31858 alignright\" src=\"http:\/\/www.messinaoggi.it\/website\/wp-content\/uploads\/2019\/04\/12407E30-CA21-470B-B5B2-75AB18AD6514-300x169.jpeg\" alt=\"\" width=\"300\" height=\"169\" \/><br \/>\nLa coincidenza del guasto del Tram non sta agevolando il traffico veicolare che ne risente pesantemente per via della presenza di un numero aggiuntivo di bus che coprono il percorso della linea tranviaria, ovvero dal terminal di Gazzi a quello dell&#8217;Annunziata. La citt\u00e0, ancora una volta, si trova a fare i conti con scelte errate.<br \/>\nLa fortuna \u00e8 che le scuole, per via del lungo ponte pasquale, sono chiuse, ma da luned\u00ec, si prevede un drammatico ritorno al passato considerato che il porto di Tremestieri potrebbe non essere ancora pronto per accogliere le navi nelle invasature colme di sabbia a causa del violento scirocco che ha &#8220;investito&#8221; la citt\u00e0 dello Stretto nei giorni di Pasqua e Pasquetta.<br \/>\n<strong>Intanto, a met\u00e0 mattinata \u00e8 stata ripristinata la linea del Tram.<\/strong><div id=\"div-gpt-ad-Messinaoggi.it-DSK-300x250-corpoart\" style=\"text-align:center;margin:0 auto;\"><\/div><\/p>\n<div id=\"videoincontent\" style=\"clear:both\";><\/div>","protected":false},"excerpt":{"rendered":"<p>Anche questa mattina la linea del Tram \u00e8 inservibile a causa di un guasto e per questo motivo l&#8217;Atm ha istituito delle corse alternative con bus navetta. Ci\u00f2 sta determinando disagi per gli utenti del servizio pubblico e un appesantimento del traffico veicolare. Mercoled\u00ec da incubo per gli automobilisti messinesi dal momento che la citt\u00e0 [&hellip;]<\/p>\n","protected":false},"author":2,"featured_media":31856,"comment_status":"closed","ping_status":"open","sticky":false,"template":"","format":"standard","meta":{"ub_ctt_via":"","_mi_skip_tracking":false},"categories":[6],"tags":[],"featured_image_src":"https:\/\/www.messinaoggi.it\/website\/wp-content\/uploads\/2019\/04\/48E13CFA-07AC-453A-B02F-CAD83DD396FF.jpeg","author_info":{"display_name":"Redazione","author_link":"https:\/\/www.messinaoggi.it\/website\/author\/redazione\/"},"digistream_id":0,"digistream":false,"_links":{"self":[{"href":"https:\/\/www.messinaoggi.it\/website\/wp-json\/wp\/v2\/posts\/31860"}],"collection":[{"href":"https:\/\/www.messinaoggi.it\/website\/wp-json\/wp\/v2\/posts"}],"about":[{"href":"https:\/\/www.messinaoggi.it\/website\/wp-json\/wp\/v2\/types\/post"}],"author":[{"embeddable":true,"href":"https:\/\/www.messinaoggi.it\/website\/wp-json\/wp\/v2\/users\/2"}],"replies":[{"embeddable":true,"href":"https:\/\/www.messinaoggi.it\/website\/wp-json\/wp\/v2\/comments?post=31860"}],"version-history":[{"count":0,"href":"https:\/\/www.messinaoggi.it\/website\/wp-json\/wp\/v2\/posts\/31860\/revisions"}],"wp:featuredmedia":[{"embeddable":true,"href":"https:\/\/www.messinaoggi.it\/website\/wp-json\/wp\/v2\/media\/31856"}],"wp:attachment":[{"href":"https:\/\/www.messinaoggi.it\/website\/wp-json\/wp\/v2\/media?parent=31860"}],"wp:term":[{"taxonomy":"category","embeddable":true,"href":"https:\/\/www.messinaoggi.it\/website\/wp-json\/wp\/v2\/categories?post=31860"},{"taxonomy":"post_tag","embeddable":true,"href":"https:\/\/www.messinaoggi.it\/website\/wp-json\/wp\/v2\/tags?post=31860"}],"curies":[{"name":"wp","href":"https:\/\/api.w.org\/{rel}","templated":true}]}}