{"id":31843,"date":"2019-04-23T15:07:18","date_gmt":"2019-04-23T13:07:18","guid":{"rendered":"http:\/\/www.messinaoggi.it\/website\/?p=31843"},"modified":"2019-04-23T15:07:18","modified_gmt":"2019-04-23T13:07:18","slug":"chiuso-il-porto-di-tremestieri-citta-invasa-dai-tir","status":"publish","type":"post","link":"https:\/\/www.messinaoggi.it\/website\/2019\/04\/23\/chiuso-il-porto-di-tremestieri-citta-invasa-dai-tir\/","title":{"rendered":"Chiuso il porto di Tremestieri, citt\u00e0 invasa dai Tir"},"content":{"rendered":"<p>Com&#8217;era prevedibile \u00e8 chiuso il porto di Tremestieri. Le invasature, a causa dello scirocco dei giorni scorsi, ha colmato di sabbia le invasature che risultano inservibili. Per questo motivo il traffico dei mezzi pesanti \u00e8 stato dirottato al porto storico del centro citt\u00e0.<br \/>\nCi\u00f2 ha comportato l&#8217;invasione della citt\u00e0 dei Tir che dall&#8217;alba di questa mattina per imbarcarsi sono costretti a percorrere gli svincoli di Boccetta o Messina Centro per raggiungere gli imbarcaderi pubblici e privati.<br \/>\nLa chiusura della scuole per le festivit\u00e0 pasquali ha ridotto i disagi per gli automobilisti messinesi.<div id=\"div-gpt-ad-Messinaoggi.it-DSK-300x250-corpoart\" style=\"text-align:center;margin:0 auto;\"><\/div><\/p>\n<div id=\"videoincontent\" style=\"clear:both\";><\/div>","protected":false},"excerpt":{"rendered":"<p>Com&#8217;era prevedibile \u00e8 chiuso il porto di Tremestieri. Le invasature, a causa dello scirocco dei giorni scorsi, ha colmato di sabbia le invasature che risultano inservibili. Per questo motivo il traffico dei mezzi pesanti \u00e8 stato dirottato al porto storico del centro citt\u00e0. Ci\u00f2 ha comportato l&#8217;invasione della citt\u00e0 dei Tir che dall&#8217;alba di questa [&hellip;]<\/p>\n","protected":false},"author":2,"featured_media":23564,"comment_status":"closed","ping_status":"open","sticky":false,"template":"","format":"standard","meta":{"ub_ctt_via":"","_mi_skip_tracking":false},"categories":[6],"tags":[],"featured_image_src":"https:\/\/www.messinaoggi.it\/website\/wp-content\/uploads\/2018\/08\/controesodo-traffico-sul-viale-boccetta-2.jpg","author_info":{"display_name":"Redazione","author_link":"https:\/\/www.messinaoggi.it\/website\/author\/redazione\/"},"digistream_id":0,"digistream":false,"_links":{"self":[{"href":"https:\/\/www.messinaoggi.it\/website\/wp-json\/wp\/v2\/posts\/31843"}],"collection":[{"href":"https:\/\/www.messinaoggi.it\/website\/wp-json\/wp\/v2\/posts"}],"about":[{"href":"https:\/\/www.messinaoggi.it\/website\/wp-json\/wp\/v2\/types\/post"}],"author":[{"embeddable":true,"href":"https:\/\/www.messinaoggi.it\/website\/wp-json\/wp\/v2\/users\/2"}],"replies":[{"embeddable":true,"href":"https:\/\/www.messinaoggi.it\/website\/wp-json\/wp\/v2\/comments?post=31843"}],"version-history":[{"count":0,"href":"https:\/\/www.messinaoggi.it\/website\/wp-json\/wp\/v2\/posts\/31843\/revisions"}],"wp:featuredmedia":[{"embeddable":true,"href":"https:\/\/www.messinaoggi.it\/website\/wp-json\/wp\/v2\/media\/23564"}],"wp:attachment":[{"href":"https:\/\/www.messinaoggi.it\/website\/wp-json\/wp\/v2\/media?parent=31843"}],"wp:term":[{"taxonomy":"category","embeddable":true,"href":"https:\/\/www.messinaoggi.it\/website\/wp-json\/wp\/v2\/categories?post=31843"},{"taxonomy":"post_tag","embeddable":true,"href":"https:\/\/www.messinaoggi.it\/website\/wp-json\/wp\/v2\/tags?post=31843"}],"curies":[{"name":"wp","href":"https:\/\/api.w.org\/{rel}","templated":true}]}}