{"id":31842,"date":"2019-04-23T17:55:30","date_gmt":"2019-04-23T15:55:30","guid":{"rendered":"http:\/\/www.messinaoggi.it\/website\/?p=31842"},"modified":"2019-04-23T17:55:30","modified_gmt":"2019-04-23T15:55:30","slug":"edilizia-scolastica-il-vice-sindaco-mondello-incontra-due-dirigenti","status":"publish","type":"post","link":"https:\/\/www.messinaoggi.it\/website\/2019\/04\/23\/edilizia-scolastica-il-vice-sindaco-mondello-incontra-due-dirigenti\/","title":{"rendered":"Edilizia scolastica, il vice sindaco Mondello incontra due dirigenti"},"content":{"rendered":"<p class=\"p1\"><span class=\"s1\">Si prosegue con il percorso tracciato per la messa in sicurezza del parco edilizio scolastico cittadino. Stamani il vicesindaco Salvatore Mondello ha incontrato a Palazzo Zanca la dirigente scolastica dell\u2019istituto comprensivo \u201cGiovanni XXIII\u201d Caterina Celesti, insieme ai presidenti della II e III Circoscrizione Davide Siracusano e Natale Cuc\u00e8, con i quali si \u00e8 delineato lo stato dell\u2019arte delle scuole dirette dalla dirigente Celesti. Il Vicesindaco, nell\u2019ottica del fare, ne ha registrato le criticit\u00e0 procedendo all\u2019assegnazione della loro risoluzione al Gruppo di Progettazione.<\/span><div id=\"div-gpt-ad-Messinaoggi.it-DSK-300x250-corpoart\" style=\"text-align:center;margin:0 auto;\"><\/div><\/p>\n<p class=\"p1\"><span class=\"s1\">Mondello ha poi incontrato, sempre a Palazzo Zanca, la dirigente dell\u2019istituto comprensivo \u201cAlbino Luciani\u201d Grazia Patan\u00e8, insieme ad una delegazione di docenti, presenti il dirigente il dipartimento Politiche culturali ed educative Salvatore De Francesco ed il funzionario Fausto Occhipinti. Argomento della riunione \u00e8 stata la proposta avanzata agli enti competenti di procedere alla demolizione della scuola \u201cEttore Castronovo\u201d piuttosto che al suo adeguamento sismico. Il Vicesindaco si \u00e8 impegnato affinch\u00e8 nel pi\u00f9 breve tempo possibile si possano ottenere risposte formali da parte dell\u2019Assessorato al ramo, al fine di programmare la tempistica circa il completamento della progettazione e la successiva esecuzione dei lavori.<\/span><div id=\"videoincontent\" style=\"clear:both\";><\/div><\/p>\n","protected":false},"excerpt":{"rendered":"<p>Si prosegue con il percorso tracciato per la messa in sicurezza del parco edilizio scolastico cittadino. Stamani il vicesindaco Salvatore Mondello ha incontrato a Palazzo Zanca la dirigente scolastica dell\u2019istituto comprensivo \u201cGiovanni XXIII\u201d Caterina Celesti, insieme ai presidenti della II e III Circoscrizione Davide Siracusano e Natale Cuc\u00e8, con i quali si \u00e8 delineato lo [&hellip;]<\/p>\n","protected":false},"author":2,"featured_media":21852,"comment_status":"closed","ping_status":"open","sticky":false,"template":"","format":"standard","meta":{"ub_ctt_via":"","_mi_skip_tracking":false},"categories":[5],"tags":[],"featured_image_src":"https:\/\/www.messinaoggi.it\/website\/wp-content\/uploads\/2018\/07\/mondello-1.jpg","author_info":{"display_name":"Redazione","author_link":"https:\/\/www.messinaoggi.it\/website\/author\/redazione\/"},"digistream_id":0,"digistream":false,"_links":{"self":[{"href":"https:\/\/www.messinaoggi.it\/website\/wp-json\/wp\/v2\/posts\/31842"}],"collection":[{"href":"https:\/\/www.messinaoggi.it\/website\/wp-json\/wp\/v2\/posts"}],"about":[{"href":"https:\/\/www.messinaoggi.it\/website\/wp-json\/wp\/v2\/types\/post"}],"author":[{"embeddable":true,"href":"https:\/\/www.messinaoggi.it\/website\/wp-json\/wp\/v2\/users\/2"}],"replies":[{"embeddable":true,"href":"https:\/\/www.messinaoggi.it\/website\/wp-json\/wp\/v2\/comments?post=31842"}],"version-history":[{"count":0,"href":"https:\/\/www.messinaoggi.it\/website\/wp-json\/wp\/v2\/posts\/31842\/revisions"}],"wp:featuredmedia":[{"embeddable":true,"href":"https:\/\/www.messinaoggi.it\/website\/wp-json\/wp\/v2\/media\/21852"}],"wp:attachment":[{"href":"https:\/\/www.messinaoggi.it\/website\/wp-json\/wp\/v2\/media?parent=31842"}],"wp:term":[{"taxonomy":"category","embeddable":true,"href":"https:\/\/www.messinaoggi.it\/website\/wp-json\/wp\/v2\/categories?post=31842"},{"taxonomy":"post_tag","embeddable":true,"href":"https:\/\/www.messinaoggi.it\/website\/wp-json\/wp\/v2\/tags?post=31842"}],"curies":[{"name":"wp","href":"https:\/\/api.w.org\/{rel}","templated":true}]}}