{"id":31841,"date":"2019-04-23T16:54:14","date_gmt":"2019-04-23T14:54:14","guid":{"rendered":"http:\/\/www.messinaoggi.it\/website\/?p=31841"},"modified":"2019-04-23T16:54:14","modified_gmt":"2019-04-23T14:54:14","slug":"presentato-il-festival-degli-aquiloni-di-capo-peloro","status":"publish","type":"post","link":"https:\/\/www.messinaoggi.it\/website\/2019\/04\/23\/presentato-il-festival-degli-aquiloni-di-capo-peloro\/","title":{"rendered":"Presentato il festival degli Aquiloni di Capo Peloro"},"content":{"rendered":"<p class=\"p1\"><span class=\"s1\">Alla presenza dell\u2019assessore allo Spettacolo e Tempo Libero Giuseppe Scattareggia, \u00e8 stata presentata stamani a Palazzo Zanca la terza edizione del \u201cFestival degli Aquiloni di Capo Peloro\u201d, organizzato dalla Pro Loco Capo Peloro, in collaborazione con le associazioni culturali \u201cSensi Creativi\u201d e \u201cTrapani Eventi\u201d, promotrici del festival internazionale degli Aquiloni di San Vito Lo Capo. L\u2019iniziativa prender\u00e0 il via venerd\u00ec 26, alle ore 18, in piazza Lanternino con una serie di eventi ed attivit\u00e0 previste sino a domenica 28. <\/span><div id=\"div-gpt-ad-Messinaoggi.it-DSK-300x250-corpoart\" style=\"text-align:center;margin:0 auto;\"><\/div><\/p>\n<p class=\"p1\"><span class=\"s1\">Per i tre giorni, la via Fortino, fino all\u2019intersezione con Via Biasini, rester\u00e0 chiusa al traffico ed il parcheggio Morandi, in via Pozzo Giudeo, sar\u00e0 aperto all\u2019utenza. L\u2019area pedonale in prossimit\u00e0 della Punta prester\u00e0 la scena a molte attivit\u00e0 ed installazioni per l\u2019iniziativa, con al centro le suggestioni del volo degli aquiloni dinanzi al panorama mozzafiato dello Stretto, sia durante le ore di luce che in volo notturno. Tra gli obiettivi della Pro Loco Capo Peloro c\u2019\u00e8 il desiderio di offrire alla cittadinanza uno spazio-tempo che riporti alle gioie essenziali e che riconcili con le bellezze naturali che la Riserva offre, ma anche quello di sottolineare una forte valenza territoriale e culturale. Sono tanti, infatti, gli appuntamenti in questa direzione, mostre d\u2019arte come quella dell\u2019artista Maria Rando all\u2019interno del cortile adiacente la Torre degli Inglesi e l\u2019apertura della sua Casa d\u2019arte; \u201cIl Viaggio nella Terra degli Dei\u201d attraverso i disegni di Lelio Bonaccorso; l\u2019installazione artistica \u201cPeace\u201d dell\u2019artista Stello Quartarone, un inno alla pace in lettere e colori; intrattenimento e storia con la presenza dei Cavalieri della Stella che sfileranno nell\u2019area pedonale e con le attivit\u00e0 di tiro con l\u2019arco, a cura dell\u2019associazione \u201cCuore di Drago\u201d; tour in bici con Mediterranea Bike; momenti culturali con \u201cVie della Poesia\u201d, a cura della rivista e casa editrice Carteggi Letterari; un\u2019installazione di circa cinquanta testi di autori siciliani, da Bufalino, Quasimodo, a Lucio Piccolo; un workshop fotografico con il fotografo Gianmarco Vetrano e \u201cTerritori vivi\u201d dei fotografi Mac\u00f9; l\u2019apertura del Museo Macho d\u2019Arte Contemporanea e la mostra \u201cBleau \u2013 Cyanotype sur papier\u201d al Nebe Coffee Book. Molte attivit\u00e0 previste anche per i pi\u00f9 piccoli, dai laboratori per la costruzione di un aquilone a cura della Pro Loco ai momenti di intrattenimento con spettacoli di magia e \u201cStecco Maghetto\u201d, divertenti attivit\u00e0 insieme all\u2019associazione Baobab e le bolle di Circobaleno. Per grandi e piccini verr\u00e0 attrezzata un\u2019ampia zona Pro-Market a piazza del Lanternino, con moltissime proposte artigianali. L\u2019evento, che prevede anche musica dal vivo, si concluder\u00e0 domenica 28, con la proiezione del video \u201cGaribaldi a Torre Far\u00f2\u201d, a cura del prof. Enzo Caruso, e gli ultimi voli in notturna.<\/span><div id=\"videoincontent\" style=\"clear:both\";><\/div><\/p>\n","protected":false},"excerpt":{"rendered":"<p>Alla presenza dell\u2019assessore allo Spettacolo e Tempo Libero Giuseppe Scattareggia, \u00e8 stata presentata stamani a Palazzo Zanca la terza edizione del \u201cFestival degli Aquiloni di Capo Peloro\u201d, organizzato dalla Pro Loco Capo Peloro, in collaborazione con le associazioni culturali \u201cSensi Creativi\u201d e \u201cTrapani Eventi\u201d, promotrici del festival internazionale degli Aquiloni di San Vito Lo Capo. [&hellip;]<\/p>\n","protected":false},"author":2,"featured_media":921,"comment_status":"closed","ping_status":"open","sticky":false,"template":"","format":"standard","meta":{"ub_ctt_via":"","_mi_skip_tracking":false},"categories":[5],"tags":[],"featured_image_src":"https:\/\/www.messinaoggi.it\/website\/wp-content\/uploads\/2017\/05\/aquiloniii-2.jpg","author_info":{"display_name":"Redazione","author_link":"https:\/\/www.messinaoggi.it\/website\/author\/redazione\/"},"digistream_id":0,"digistream":false,"_links":{"self":[{"href":"https:\/\/www.messinaoggi.it\/website\/wp-json\/wp\/v2\/posts\/31841"}],"collection":[{"href":"https:\/\/www.messinaoggi.it\/website\/wp-json\/wp\/v2\/posts"}],"about":[{"href":"https:\/\/www.messinaoggi.it\/website\/wp-json\/wp\/v2\/types\/post"}],"author":[{"embeddable":true,"href":"https:\/\/www.messinaoggi.it\/website\/wp-json\/wp\/v2\/users\/2"}],"replies":[{"embeddable":true,"href":"https:\/\/www.messinaoggi.it\/website\/wp-json\/wp\/v2\/comments?post=31841"}],"version-history":[{"count":0,"href":"https:\/\/www.messinaoggi.it\/website\/wp-json\/wp\/v2\/posts\/31841\/revisions"}],"wp:featuredmedia":[{"embeddable":true,"href":"https:\/\/www.messinaoggi.it\/website\/wp-json\/wp\/v2\/media\/921"}],"wp:attachment":[{"href":"https:\/\/www.messinaoggi.it\/website\/wp-json\/wp\/v2\/media?parent=31841"}],"wp:term":[{"taxonomy":"category","embeddable":true,"href":"https:\/\/www.messinaoggi.it\/website\/wp-json\/wp\/v2\/categories?post=31841"},{"taxonomy":"post_tag","embeddable":true,"href":"https:\/\/www.messinaoggi.it\/website\/wp-json\/wp\/v2\/tags?post=31841"}],"curies":[{"name":"wp","href":"https:\/\/api.w.org\/{rel}","templated":true}]}}