{"id":31822,"date":"2019-04-23T10:38:21","date_gmt":"2019-04-23T08:38:21","guid":{"rendered":"http:\/\/www.messinaoggi.it\/website\/?p=31822"},"modified":"2019-04-23T10:38:21","modified_gmt":"2019-04-23T08:38:21","slug":"duva-il-governo-va-avanti-ma-siri-si-dimetta","status":"publish","type":"post","link":"https:\/\/www.messinaoggi.it\/website\/2019\/04\/23\/duva-il-governo-va-avanti-ma-siri-si-dimetta\/","title":{"rendered":"D\u2019Uva: Il governo va avanti ma Siri si dimetta"},"content":{"rendered":"<p>\u201cIl governo va avanti&#8221;: lo assicura il capogruppo M5S alla Camera, Francesco D&#8217;Uva, in una intervista al &#8220;Corriere della Sera&#8221;. D&#8217;Uva, tuttavia, \u00e8 consapevole che le tensioni tra i due alleati di governo &#8211; M5S e Lega &#8211; si sono acuite e che &#8220;ora la situazione \u00e8 un po&#8217; pi\u00f9 seria&#8221;: &#8220;Un po&#8217; &#8211; spiega &#8211; perch\u00e9 ci sono le elezioni e un po&#8217; perch\u00e9 il caso Siri ci ha colpito per la sua gravit\u00e0, ma il governo deve andare avanti&#8221;. Secondo D&#8217;Uva il caso Siri &#8211; il sottosegretario indagato per una presunta tangente &#8211; non \u00e8 &#8220;panna montata&#8221;, come vorrebbe Salvini: &#8220;Questa cosa \u00e8 molto preoccupante&#8221; dice. &#8220;Il faccendiere Paolo Arata avrebbe chiesto a Siri un emendamento per sanare interessi nel campo dell&#8217;eolico. Arata risulta socio di Vito Nicastri, che \u00e8 socio del boss <strong><span style=\"color: #dc143c;\">MESSINA<\/span><\/strong>Denaro&#8221;. Riguardo a una eventuale richiesta di dimissioni a Siri da parte del premier Conte, D&#8217;Uva afferma: &#8220;Il sottosegretario dovr\u00e0 dimostrare la propria estraneit\u00e0. Nel frattempo, per oppor-tunit\u00e0 politica, sarebbe meglio che facesse un passo di lato. Un governo del cambiamento non pu\u00f2 lasciare che ci siano dubbi sulla longa manus di qualcuno&#8221;.<div id=\"div-gpt-ad-Messinaoggi.it-DSK-300x250-corpoart\" style=\"text-align:center;margin:0 auto;\"><\/div><\/p>\n<div id=\"videoincontent\" style=\"clear:both\";><\/div>","protected":false},"excerpt":{"rendered":"<p>\u201cIl governo va avanti&#8221;: lo assicura il capogruppo M5S alla Camera, Francesco D&#8217;Uva, in una intervista al &#8220;Corriere della Sera&#8221;. D&#8217;Uva, tuttavia, \u00e8 consapevole che le tensioni tra i due alleati di governo &#8211; M5S e Lega &#8211; si sono acuite e che &#8220;ora la situazione \u00e8 un po&#8217; pi\u00f9 seria&#8221;: &#8220;Un po&#8217; &#8211; spiega [&hellip;]<\/p>\n","protected":false},"author":2,"featured_media":24575,"comment_status":"closed","ping_status":"open","sticky":false,"template":"","format":"standard","meta":{"ub_ctt_via":"","_mi_skip_tracking":false},"categories":[4],"tags":[],"featured_image_src":"https:\/\/www.messinaoggi.it\/website\/wp-content\/uploads\/2018\/09\/DUva-Francesco-M5S-messinaoggiMarcyRuggi.jpeg","author_info":{"display_name":"Redazione","author_link":"https:\/\/www.messinaoggi.it\/website\/author\/redazione\/"},"digistream_id":0,"digistream":false,"_links":{"self":[{"href":"https:\/\/www.messinaoggi.it\/website\/wp-json\/wp\/v2\/posts\/31822"}],"collection":[{"href":"https:\/\/www.messinaoggi.it\/website\/wp-json\/wp\/v2\/posts"}],"about":[{"href":"https:\/\/www.messinaoggi.it\/website\/wp-json\/wp\/v2\/types\/post"}],"author":[{"embeddable":true,"href":"https:\/\/www.messinaoggi.it\/website\/wp-json\/wp\/v2\/users\/2"}],"replies":[{"embeddable":true,"href":"https:\/\/www.messinaoggi.it\/website\/wp-json\/wp\/v2\/comments?post=31822"}],"version-history":[{"count":0,"href":"https:\/\/www.messinaoggi.it\/website\/wp-json\/wp\/v2\/posts\/31822\/revisions"}],"wp:featuredmedia":[{"embeddable":true,"href":"https:\/\/www.messinaoggi.it\/website\/wp-json\/wp\/v2\/media\/24575"}],"wp:attachment":[{"href":"https:\/\/www.messinaoggi.it\/website\/wp-json\/wp\/v2\/media?parent=31822"}],"wp:term":[{"taxonomy":"category","embeddable":true,"href":"https:\/\/www.messinaoggi.it\/website\/wp-json\/wp\/v2\/categories?post=31822"},{"taxonomy":"post_tag","embeddable":true,"href":"https:\/\/www.messinaoggi.it\/website\/wp-json\/wp\/v2\/tags?post=31822"}],"curies":[{"name":"wp","href":"https:\/\/api.w.org\/{rel}","templated":true}]}}