{"id":31820,"date":"2019-04-23T10:41:09","date_gmt":"2019-04-23T08:41:09","guid":{"rendered":"http:\/\/www.messinaoggi.it\/website\/?p=31820"},"modified":"2019-04-23T10:41:09","modified_gmt":"2019-04-23T08:41:09","slug":"decreto-crescita-pergolizzi-perche-non-aiutare-anche-messina","status":"publish","type":"post","link":"https:\/\/www.messinaoggi.it\/website\/2019\/04\/23\/decreto-crescita-pergolizzi-perche-non-aiutare-anche-messina\/","title":{"rendered":"Decreto crescita, Pergolizzi: &quot;Perch\u00e9 non aiutare anche Messina?&quot;"},"content":{"rendered":"<p>Fa discutere anche nella citt\u00e0 dello Stretto il cosiddetto decreto crescita, misura promossa dal governo Conte che se approvata presenter\u00e0, tra le altre cose, degli interventi di aiuto finanziario a favore del comune di Roma, il cui bilancio risulta ad oggi essere completamente fuori controllo, senza per\u00f2 valutare il resto del panorama nazionale che vede diversi enti locali (comune di Messina compreso) in difficolt\u00e0 per evidenti problemi di bilancio. Ad intervenire sulla vicenda \u00e8 stato il consigliere comunale di LiberaMe, Nello Pergolizzi, il quale paventa che la misura in esame possa favorire soltanto alcune citt\u00e0 in difficolt\u00e0 finanziarie, a seconda del loro colore politico (Roma \u00e8 amministrata dall\u2019esponente del Movimento 5 Stelle Virginia Raggi): \u201c<em>Se lo Stato si addossa il debito di Roma, perch\u00e9 non dovrebbe farlo anche per il comune di Messina?<\/em>\u201d, si domanda al riguardo Pergolizzi, che poi aggiunge: \u201c<em>Se c\u2019\u00e8 un intervento per aiutare tutti i comuni in difficolt\u00e0, senza privilegiare il colore politico degli stessi e con valutazioni meramente oggettive, ritengo sia opportuno farlo, ma se la volont\u00e0 del governo \u00e8 quella di aiutare un solo comune, non lo ritengo opportuno<\/em>\u201d.<br \/>\n\u201c<em>Questa norma<\/em> \u2013 prosegue il consigliere comunale \u2013<em> ha suscitato malumori tra i rappresentanti politici dei vari comuni in difficolt\u00e0, che analogamente a come si sta procedendo nel nostro Comune, cercano di risanare i propri bilanci attraverso piani di riequilibrio che generano numerosi tagli alla spesa e ingenti sacrifici per i loro concittadini. <\/em><em>Ritengo che questo genere di trattamenti di \u2018favore\u2019 nei confronti della Capitale possano danneggiare gli altri comuni indebitati per le medesime cause del comune di Roma, che in presenza di tagli nei trasferimenti da parte dello Stato e di consistenti aumenti dei costi di gestione, hanno dovuto assicurare, comunque, i diversi servizi pubblici in favore dei cittadini e spesso, anche per responsabilit\u00e0 degli amministratori che, per trarne consenso politico, si sono totalmente dimenticati delle regole della buona amministrazione.<\/em><br \/>\n\u201c<em>Rivolgo un accorato appello ai nostri rappresentanti della politica nazionale e al sindaco De Luca, affinch\u00e9 si oppongano alla paventata decisione del governo che prevede aiuti finanziari mirati a ridurre il debito del solo comune di Roma, condividendo questa battaglia di democrazia e lavorando insieme per l\u2019approvazione di un decreto crescita che coinvolga tutti i comuni che versano in difficolt\u00e0 finanziaria, attraverso criteri oggettivi e trasparenti<\/em>\u201d.<br \/>\n<em>\u00a0<\/em><br \/>\n <br \/>\n <div id=\"div-gpt-ad-Messinaoggi.it-DSK-300x250-corpoart\" style=\"text-align:center;margin:0 auto;\"><\/div><\/p>\n<div id=\"videoincontent\" style=\"clear:both\";><\/div>","protected":false},"excerpt":{"rendered":"<p>Fa discutere anche nella citt\u00e0 dello Stretto il cosiddetto decreto crescita, misura promossa dal governo Conte che se approvata presenter\u00e0, tra le altre cose, degli interventi di aiuto finanziario a favore del comune di Roma, il cui bilancio risulta ad oggi essere completamente fuori controllo, senza per\u00f2 valutare il resto del panorama nazionale che vede [&hellip;]<\/p>\n","protected":false},"author":8,"featured_media":2496,"comment_status":"closed","ping_status":"open","sticky":false,"template":"","format":"standard","meta":{"ub_ctt_via":"","_mi_skip_tracking":false},"categories":[4],"tags":[],"featured_image_src":"https:\/\/www.messinaoggi.it\/website\/wp-content\/uploads\/2017\/06\/Palazzo-Zanca-2-2.jpg","author_info":{"display_name":"red..me","author_link":"https:\/\/www.messinaoggi.it\/website\/author\/redstage\/"},"digistream_id":0,"digistream":false,"_links":{"self":[{"href":"https:\/\/www.messinaoggi.it\/website\/wp-json\/wp\/v2\/posts\/31820"}],"collection":[{"href":"https:\/\/www.messinaoggi.it\/website\/wp-json\/wp\/v2\/posts"}],"about":[{"href":"https:\/\/www.messinaoggi.it\/website\/wp-json\/wp\/v2\/types\/post"}],"author":[{"embeddable":true,"href":"https:\/\/www.messinaoggi.it\/website\/wp-json\/wp\/v2\/users\/8"}],"replies":[{"embeddable":true,"href":"https:\/\/www.messinaoggi.it\/website\/wp-json\/wp\/v2\/comments?post=31820"}],"version-history":[{"count":0,"href":"https:\/\/www.messinaoggi.it\/website\/wp-json\/wp\/v2\/posts\/31820\/revisions"}],"wp:featuredmedia":[{"embeddable":true,"href":"https:\/\/www.messinaoggi.it\/website\/wp-json\/wp\/v2\/media\/2496"}],"wp:attachment":[{"href":"https:\/\/www.messinaoggi.it\/website\/wp-json\/wp\/v2\/media?parent=31820"}],"wp:term":[{"taxonomy":"category","embeddable":true,"href":"https:\/\/www.messinaoggi.it\/website\/wp-json\/wp\/v2\/categories?post=31820"},{"taxonomy":"post_tag","embeddable":true,"href":"https:\/\/www.messinaoggi.it\/website\/wp-json\/wp\/v2\/tags?post=31820"}],"curies":[{"name":"wp","href":"https:\/\/api.w.org\/{rel}","templated":true}]}}