{"id":31769,"date":"2019-04-20T19:30:24","date_gmt":"2019-04-20T17:30:24","guid":{"rendered":"http:\/\/www.messinaoggi.it\/website\/?p=31769"},"modified":"2019-04-20T19:30:24","modified_gmt":"2019-04-20T17:30:24","slug":"inaugurazione-svincolo-giostra-musumeci-cas-da-carrozzone-a-ente-efficiente","status":"publish","type":"post","link":"https:\/\/www.messinaoggi.it\/website\/2019\/04\/20\/inaugurazione-svincolo-giostra-musumeci-cas-da-carrozzone-a-ente-efficiente\/","title":{"rendered":"Inaugurazione svincolo Giostra, Musumeci: &quot;Cas da carrozzone a ente efficiente&quot;"},"content":{"rendered":"<p>&#8220;Era un impegno che avevo assunto con i messinesi in piena campagna elettorale e l&#8217;ho mantenuto: lo svincolo di Giostra, dopo tanta attesa, \u00e8 finalmente aperto. In appena un anno abbiamo trasformato il Cas da carrozzone clientelare a ente efficiente e attivo. La sua &#8221;bonifica&#8221; non si \u00e8 ancora conclusa e qualche dipendente tarda a capire che la ricreazione \u00e8 finita. Ma \u00e8 solo questione di mesi. Con l&#8217;assessore Falcone e i nuovi vertici del Consorzio stiamo lavorando per rimettere in sicurezza le autostrade e recuperare il triste degrado che certa politica regionale ha generato&#8221;.<br \/>\nLo ha affermato il presidente della Regione Siciliana Nello Musumeci, dopo la inaugurazione di questa mattina dello svincolo di Giostra, a Messina, sull&#8217;autostrada A-20.<div id=\"div-gpt-ad-Messinaoggi.it-DSK-300x250-corpoart\" style=\"text-align:center;margin:0 auto;\"><\/div><\/p>\n<div id=\"videoincontent\" style=\"clear:both\";><\/div>","protected":false},"excerpt":{"rendered":"<p>&#8220;Era un impegno che avevo assunto con i messinesi in piena campagna elettorale e l&#8217;ho mantenuto: lo svincolo di Giostra, dopo tanta attesa, \u00e8 finalmente aperto. In appena un anno abbiamo trasformato il Cas da carrozzone clientelare a ente efficiente e attivo. La sua &#8221;bonifica&#8221; non si \u00e8 ancora conclusa e qualche dipendente tarda a [&hellip;]<\/p>\n","protected":false},"author":2,"featured_media":10969,"comment_status":"closed","ping_status":"open","sticky":false,"template":"","format":"standard","meta":{"ub_ctt_via":"","_mi_skip_tracking":false},"categories":[11],"tags":[],"featured_image_src":"https:\/\/www.messinaoggi.it\/website\/wp-content\/uploads\/2017\/11\/nello-musumeci-RRP_9992.jpg","author_info":{"display_name":"Redazione","author_link":"https:\/\/www.messinaoggi.it\/website\/author\/redazione\/"},"digistream_id":0,"digistream":false,"_links":{"self":[{"href":"https:\/\/www.messinaoggi.it\/website\/wp-json\/wp\/v2\/posts\/31769"}],"collection":[{"href":"https:\/\/www.messinaoggi.it\/website\/wp-json\/wp\/v2\/posts"}],"about":[{"href":"https:\/\/www.messinaoggi.it\/website\/wp-json\/wp\/v2\/types\/post"}],"author":[{"embeddable":true,"href":"https:\/\/www.messinaoggi.it\/website\/wp-json\/wp\/v2\/users\/2"}],"replies":[{"embeddable":true,"href":"https:\/\/www.messinaoggi.it\/website\/wp-json\/wp\/v2\/comments?post=31769"}],"version-history":[{"count":0,"href":"https:\/\/www.messinaoggi.it\/website\/wp-json\/wp\/v2\/posts\/31769\/revisions"}],"wp:featuredmedia":[{"embeddable":true,"href":"https:\/\/www.messinaoggi.it\/website\/wp-json\/wp\/v2\/media\/10969"}],"wp:attachment":[{"href":"https:\/\/www.messinaoggi.it\/website\/wp-json\/wp\/v2\/media?parent=31769"}],"wp:term":[{"taxonomy":"category","embeddable":true,"href":"https:\/\/www.messinaoggi.it\/website\/wp-json\/wp\/v2\/categories?post=31769"},{"taxonomy":"post_tag","embeddable":true,"href":"https:\/\/www.messinaoggi.it\/website\/wp-json\/wp\/v2\/tags?post=31769"}],"curies":[{"name":"wp","href":"https:\/\/api.w.org\/{rel}","templated":true}]}}