{"id":31768,"date":"2019-04-22T08:00:40","date_gmt":"2019-04-22T06:00:40","guid":{"rendered":"http:\/\/www.messinaoggi.it\/website\/?p=31768"},"modified":"2019-04-22T08:00:40","modified_gmt":"2019-04-22T06:00:40","slug":"citta-metropolitana-de-luca-al-governo-non-faccio-elezioni-del-consiglio","status":"publish","type":"post","link":"https:\/\/www.messinaoggi.it\/website\/2019\/04\/22\/citta-metropolitana-de-luca-al-governo-non-faccio-elezioni-del-consiglio\/","title":{"rendered":"Citt\u00e0 Metropolitana, De Luca al Governo: &quot;Non faccio elezioni del consiglio&quot;"},"content":{"rendered":"<p style=\"text-align: justify;\">&#8220;Ho formalizzato il mio netto rifiuto alla celebrazione delle elezioni dei componenti del consiglio della citt\u00e0 metropolitana di Messina, gi\u00e0 programmate per il prossimo 30 giugno. Se saremo costretti a dichiarare il dissesto finanziario non comprendo perch\u00e9 dobbiamo celebrare queste elezioni&#8221;.<div id=\"div-gpt-ad-Messinaoggi.it-DSK-300x250-corpoart\" style=\"text-align:center;margin:0 auto;\"><\/div><\/p>\n<p style=\"text-align: justify;\">Ad affermarlo \u00e8 il sindaco della citt\u00e0 di Messina Cateno De Luca che continua cos\u00ec la protesta contro il governo nazionale &#8220;che sta decretando il fallimento delle ex province&#8221;.<div id=\"videoincontent\" style=\"clear:both\";><\/div><\/p>\n<p style=\"text-align: justify;\">Il primo cittadino ha confermato lo sciopero &#8220;dei 108 sindaci della citt\u00e0 metropolitana di Messina per l&#8217;1 maggio, ore 9, con un corteo che partir\u00e0 da piazza Duomo e si concluder\u00e0 al palazzo della prefettura dove sar\u00e0 consegnata, nelle mani di sua eccellenza il prefetto, la fascia azzurra di sindaco della citt\u00e0 metropolitana&#8221;.<\/p>\n<p style=\"text-align: justify;\">&#8220;Dal 1 maggio &#8211; conclude De Luca &#8211; non firmer\u00f2 pi\u00f9 atti nella mia qualit\u00e0 di sindaco della citt\u00e0 metropolitana di Messina. Se il governo nazionale ha deciso di far saltare tutte le ex province siciliane provveda anche a nominare dei commissari ad acta che si prendano le denunce per omissione di intervento che stiamo gi\u00e0 subendo per mancanza dei bilanci&#8221;.<\/p>\n","protected":false},"excerpt":{"rendered":"<p>&#8220;Ho formalizzato il mio netto rifiuto alla celebrazione delle elezioni dei componenti del consiglio della citt\u00e0 metropolitana di Messina, gi\u00e0 programmate per il prossimo 30 giugno. Se saremo costretti a dichiarare il dissesto finanziario non comprendo perch\u00e9 dobbiamo celebrare queste elezioni&#8221;. Ad affermarlo \u00e8 il sindaco della citt\u00e0 di Messina Cateno De Luca che continua [&hellip;]<\/p>\n","protected":false},"author":2,"featured_media":28913,"comment_status":"closed","ping_status":"open","sticky":false,"template":"","format":"standard","meta":{"ub_ctt_via":"","_mi_skip_tracking":false},"categories":[19],"tags":[],"featured_image_src":"https:\/\/www.messinaoggi.it\/website\/wp-content\/uploads\/2019\/01\/F7797A13-1E57-4F49-B12B-C5CEE39D67A4.jpeg","author_info":{"display_name":"Redazione","author_link":"https:\/\/www.messinaoggi.it\/website\/author\/redazione\/"},"digistream_id":0,"digistream":false,"_links":{"self":[{"href":"https:\/\/www.messinaoggi.it\/website\/wp-json\/wp\/v2\/posts\/31768"}],"collection":[{"href":"https:\/\/www.messinaoggi.it\/website\/wp-json\/wp\/v2\/posts"}],"about":[{"href":"https:\/\/www.messinaoggi.it\/website\/wp-json\/wp\/v2\/types\/post"}],"author":[{"embeddable":true,"href":"https:\/\/www.messinaoggi.it\/website\/wp-json\/wp\/v2\/users\/2"}],"replies":[{"embeddable":true,"href":"https:\/\/www.messinaoggi.it\/website\/wp-json\/wp\/v2\/comments?post=31768"}],"version-history":[{"count":0,"href":"https:\/\/www.messinaoggi.it\/website\/wp-json\/wp\/v2\/posts\/31768\/revisions"}],"wp:featuredmedia":[{"embeddable":true,"href":"https:\/\/www.messinaoggi.it\/website\/wp-json\/wp\/v2\/media\/28913"}],"wp:attachment":[{"href":"https:\/\/www.messinaoggi.it\/website\/wp-json\/wp\/v2\/media?parent=31768"}],"wp:term":[{"taxonomy":"category","embeddable":true,"href":"https:\/\/www.messinaoggi.it\/website\/wp-json\/wp\/v2\/categories?post=31768"},{"taxonomy":"post_tag","embeddable":true,"href":"https:\/\/www.messinaoggi.it\/website\/wp-json\/wp\/v2\/tags?post=31768"}],"curies":[{"name":"wp","href":"https:\/\/api.w.org\/{rel}","templated":true}]}}