{"id":31685,"date":"2019-04-18T18:09:19","date_gmt":"2019-04-18T16:09:19","guid":{"rendered":"http:\/\/www.messinaoggi.it\/website\/?p=31685"},"modified":"2019-04-18T18:09:19","modified_gmt":"2019-04-18T16:09:19","slug":"lo-scrittore-spagnolo-javier-cercas-si-aggiudica-il-premio-sicilia","status":"publish","type":"post","link":"https:\/\/www.messinaoggi.it\/website\/2019\/04\/18\/lo-scrittore-spagnolo-javier-cercas-si-aggiudica-il-premio-sicilia\/","title":{"rendered":"Lo scrittore spagnolo Javier Cercas si aggiudica il Premio Sicilia"},"content":{"rendered":"<p>La terza edizione\u00a0\u00a0 del Premio Sicilia \u00a0che avr\u00e0 luogo sabato 25 maggio, alle ore 18.30, presso il Cortile Platamone, nel\u00a0Palazzo della Cultura\u00a0di\u00a0Catania, vedr\u00e0 la premiazione dello scrittore spagnolo\u00a0Javier Cercas. Il riconoscimento, assegnato nelle precedenti edizioni\u00a0il\u00a0a Isabel Allende e Luis Sepulveda \u00e8 nato per rendere omaggio alle massime voci del nostro tempo,\u00a0riconoscerne l\u2019eccellente impegno personale, civile ed artistico. L\u2019evento \u00e8 promosso da Taobuk-Taormina International Book Festival, con il patrocinio della Regione Siciliana e del\u00a0\u00a0Comune di Catania-Assessorato alla Cultura.<br \/>\nIn dialogo con l\u2019autore, amatissimo anche in Italia, il giornalista del Corriere della Sera\u00a0Andrea Nicastro, mentre all\u2019interno della serata \u00e8 previsto il concerto di\u00a0Mario Incudine\u00a0accompagnato dal suo Quartetto.<br \/>\nL\u2019evento anticipa la nona edizione di Taobuk, il festival ideato e diretto da Antonella Ferrara, in programma a Taormina dal 21 al 25 giugno, che quest\u2019anno focalizzer\u00e0 la sua attenzione sulle \u00a0mille sfaccettature del desiderio.<br \/>\nJavier Cercas\u00a0\u00e8 nato nel 1962 a Ibahernando, C\u00e1ceres. \u00c8 docente di letteratura spagnola all\u2019Universit\u00e0 di Gerona e collabora abitualmente con El Pa\u00eds. Presso Guanda sono usciti:\u00a0<em>Soldati di Salamina<\/em>\u00a0(Premio Grinzane Cavour 2003),\u00a0<em>Il movente<\/em>,\u00a0<em>La velocit\u00e0 della luce<\/em>,\u00a0<em>La donna del ritratto<\/em>,\u00a0<em>Anatomia di un istante<\/em>\u00a0(Premio Nacional de Narrativa 2010, Premio Salone Internazionale del Libro di Torino 2011, Premio Letterario Internazionale Mondello 2011),\u00a0<em>Il nuovo inquilino<\/em>,\u00a0<em>La verit\u00e0 di Agamennone<\/em>,\u00a0<em>Le leggi della frontiera<\/em>,\u00a0<em>L\u2019avventura di scrivere romanzi<\/em>\u00a0(con Bruno Arpaia),\u00a0<em>L\u2019impostore<\/em>,\u00a0<em>Il punto cieco<\/em>\u00a0e\u00a0<em>Il sovrano delle ombre<\/em>.<br \/>\nAncora una volta,\u00a0 \u00a0la voce dell\u2019emozione corre sulle orme\u00a0 lasciate dall\u2019inchiostro di una penna per far librare il cuore sulle ali della libert\u00e0.<div id=\"div-gpt-ad-Messinaoggi.it-DSK-300x250-corpoart\" style=\"text-align:center;margin:0 auto;\"><\/div><\/p>\n<div id=\"videoincontent\" style=\"clear:both\";><\/div>","protected":false},"excerpt":{"rendered":"<p>La terza edizione\u00a0\u00a0 del Premio Sicilia \u00a0che avr\u00e0 luogo sabato 25 maggio, alle ore 18.30, presso il Cortile Platamone, nel\u00a0Palazzo della Cultura\u00a0di\u00a0Catania, vedr\u00e0 la premiazione dello scrittore spagnolo\u00a0Javier Cercas. Il riconoscimento, assegnato nelle precedenti edizioni\u00a0il\u00a0a Isabel Allende e Luis Sepulveda \u00e8 nato per rendere omaggio alle massime voci del nostro tempo,\u00a0riconoscerne l\u2019eccellente impegno personale, civile [&hellip;]<\/p>\n","protected":false},"author":5,"featured_media":31686,"comment_status":"closed","ping_status":"open","sticky":false,"template":"","format":"standard","meta":{"ub_ctt_via":"","_mi_skip_tracking":false},"categories":[16],"tags":[],"featured_image_src":"https:\/\/www.messinaoggi.it\/website\/wp-content\/uploads\/2019\/04\/Javier_Cercas_Goteborg_Book_Fair_2014_2.jpg","author_info":{"display_name":"Maria Antonella Saia","author_link":"https:\/\/www.messinaoggi.it\/website\/author\/m-saia\/"},"digistream_id":0,"digistream":false,"_links":{"self":[{"href":"https:\/\/www.messinaoggi.it\/website\/wp-json\/wp\/v2\/posts\/31685"}],"collection":[{"href":"https:\/\/www.messinaoggi.it\/website\/wp-json\/wp\/v2\/posts"}],"about":[{"href":"https:\/\/www.messinaoggi.it\/website\/wp-json\/wp\/v2\/types\/post"}],"author":[{"embeddable":true,"href":"https:\/\/www.messinaoggi.it\/website\/wp-json\/wp\/v2\/users\/5"}],"replies":[{"embeddable":true,"href":"https:\/\/www.messinaoggi.it\/website\/wp-json\/wp\/v2\/comments?post=31685"}],"version-history":[{"count":0,"href":"https:\/\/www.messinaoggi.it\/website\/wp-json\/wp\/v2\/posts\/31685\/revisions"}],"wp:featuredmedia":[{"embeddable":true,"href":"https:\/\/www.messinaoggi.it\/website\/wp-json\/wp\/v2\/media\/31686"}],"wp:attachment":[{"href":"https:\/\/www.messinaoggi.it\/website\/wp-json\/wp\/v2\/media?parent=31685"}],"wp:term":[{"taxonomy":"category","embeddable":true,"href":"https:\/\/www.messinaoggi.it\/website\/wp-json\/wp\/v2\/categories?post=31685"},{"taxonomy":"post_tag","embeddable":true,"href":"https:\/\/www.messinaoggi.it\/website\/wp-json\/wp\/v2\/tags?post=31685"}],"curies":[{"name":"wp","href":"https:\/\/api.w.org\/{rel}","templated":true}]}}