{"id":31665,"date":"2019-04-18T13:25:07","date_gmt":"2019-04-18T11:25:07","guid":{"rendered":"http:\/\/www.messinaoggi.it\/website\/?p=31665"},"modified":"2019-04-18T13:25:07","modified_gmt":"2019-04-18T11:25:07","slug":"multisala-apollo-nanni-moretti-presenta-il-film-santiago-italia","status":"publish","type":"post","link":"https:\/\/www.messinaoggi.it\/website\/2019\/04\/18\/multisala-apollo-nanni-moretti-presenta-il-film-santiago-italia\/","title":{"rendered":"Multisala Apollo: Nanni Moretti presenta il film Santiago, Italia"},"content":{"rendered":"<p>1, 2, 3\u2026ciak si gira! Marted\u00ec la citt\u00e0 dello Stretto diventer\u00e0 il set di un importante evento cinematografico ospitando il celebre\u00a0 regista\u00a0<strong>Nanni Moretti\u00a0<\/strong>che in doppio orario, alle ore 18.00 e alle 21.00 <strong>\u00a0<\/strong>presenter\u00e0 alla\u00a0<strong>Multisala Apollo<\/strong>, il suo ultimo film\u00a0dal titolo <strong>\u201cSantiago, Italia\u201d<\/strong>.<br \/>\n<strong>Loredana Polizzi<\/strong>, direttrice della storica multisala che sorge nel centro di Messina, dichiara: \u201c<em>La presenza di Nanni Moretti \u00e8 molto significativa, visto che sto lavorando da tempo per inserire la nostra citt\u00e0 nei circuiti dei grandi eventi cinematografici, perch\u00e9 anche da questo tipo di iniziative passa il rilancio del cinema italiano<\/em>\u201d.<br \/>\n<img loading=\"lazy\" class=\"alignnone size-medium wp-image-31667\" src=\"http:\/\/www.messinaoggi.it\/website\/wp-content\/uploads\/2019\/04\/Nanni-Moretti-7-300x192.jpg\" alt=\"\" width=\"300\" height=\"192\" \/><br \/>\nLa pellicola di \u00a0Nanni Moretti, racconta, attraverso le parole dei protagonisti e i materiali dell&#8217;epoca, i mesi successivi al colpo di stato dell&#8217;11 settembre 1973 che pose fine al governo democratico di Salvador Allende in Cile.<br \/>\nIl documentario si concentra, in particolare, sul ruolo svolto dall&#8217;ambasciata italiana a Santiago, che diede rifugio a centinaia di oppositori del regime del generale Pinochet, consentendo poi loro di raggiungere l&#8217;Italia. Un evento \u00a0da non perdere per riscoprire \u00a0pagine di storia troppe volte taciute.<div id=\"div-gpt-ad-Messinaoggi.it-DSK-300x250-corpoart\" style=\"text-align:center;margin:0 auto;\"><\/div><\/p>\n<div id=\"videoincontent\" style=\"clear:both\";><\/div>","protected":false},"excerpt":{"rendered":"<p>1, 2, 3\u2026ciak si gira! Marted\u00ec la citt\u00e0 dello Stretto diventer\u00e0 il set di un importante evento cinematografico ospitando il celebre\u00a0 regista\u00a0Nanni Moretti\u00a0che in doppio orario, alle ore 18.00 e alle 21.00 \u00a0presenter\u00e0 alla\u00a0Multisala Apollo, il suo ultimo film\u00a0dal titolo \u201cSantiago, Italia\u201d. Loredana Polizzi, direttrice della storica multisala che sorge nel centro di Messina, dichiara: [&hellip;]<\/p>\n","protected":false},"author":5,"featured_media":31666,"comment_status":"closed","ping_status":"open","sticky":false,"template":"","format":"standard","meta":{"ub_ctt_via":"","_mi_skip_tracking":false},"categories":[17],"tags":[],"featured_image_src":"https:\/\/www.messinaoggi.it\/website\/wp-content\/uploads\/2019\/04\/moretti-santiago-italia-1088902.png","author_info":{"display_name":"Maria Antonella Saia","author_link":"https:\/\/www.messinaoggi.it\/website\/author\/m-saia\/"},"digistream_id":0,"digistream":false,"_links":{"self":[{"href":"https:\/\/www.messinaoggi.it\/website\/wp-json\/wp\/v2\/posts\/31665"}],"collection":[{"href":"https:\/\/www.messinaoggi.it\/website\/wp-json\/wp\/v2\/posts"}],"about":[{"href":"https:\/\/www.messinaoggi.it\/website\/wp-json\/wp\/v2\/types\/post"}],"author":[{"embeddable":true,"href":"https:\/\/www.messinaoggi.it\/website\/wp-json\/wp\/v2\/users\/5"}],"replies":[{"embeddable":true,"href":"https:\/\/www.messinaoggi.it\/website\/wp-json\/wp\/v2\/comments?post=31665"}],"version-history":[{"count":0,"href":"https:\/\/www.messinaoggi.it\/website\/wp-json\/wp\/v2\/posts\/31665\/revisions"}],"wp:featuredmedia":[{"embeddable":true,"href":"https:\/\/www.messinaoggi.it\/website\/wp-json\/wp\/v2\/media\/31666"}],"wp:attachment":[{"href":"https:\/\/www.messinaoggi.it\/website\/wp-json\/wp\/v2\/media?parent=31665"}],"wp:term":[{"taxonomy":"category","embeddable":true,"href":"https:\/\/www.messinaoggi.it\/website\/wp-json\/wp\/v2\/categories?post=31665"},{"taxonomy":"post_tag","embeddable":true,"href":"https:\/\/www.messinaoggi.it\/website\/wp-json\/wp\/v2\/tags?post=31665"}],"curies":[{"name":"wp","href":"https:\/\/api.w.org\/{rel}","templated":true}]}}