{"id":31634,"date":"2019-04-17T13:47:32","date_gmt":"2019-04-17T11:47:32","guid":{"rendered":"http:\/\/www.messinaoggi.it\/website\/?p=31634"},"modified":"2019-04-17T13:47:32","modified_gmt":"2019-04-17T11:47:32","slug":"europee-micciche-la-spunta-la-via-non-e-candidato","status":"publish","type":"post","link":"https:\/\/www.messinaoggi.it\/website\/2019\/04\/17\/europee-micciche-la-spunta-la-via-non-e-candidato\/","title":{"rendered":"Europee, Miccich\u00e9 la spunta. La Via non \u00e8 candidato"},"content":{"rendered":"<p>&#8220;Dopo aver parlato con Berlusconi, posso confermare che la lista per le Europee \u00e8 quella uscita ieri&#8221;.<br \/>\nCos\u00ec il commissario di Forza Italia in Sicilia, Gianfranco Miccich\u00e9, presentando i nomi della lista la circoscrizione Isole: sar\u00e0 formata da Silvio Berlusconi (capolista), Urania Papatheu, Salvatore Cicu, Gabriella Greco, Giuseppe Milazzo, Giorgia Iacolino, Saverio Romano e Dafne Musolino.<div id=\"div-gpt-ad-Messinaoggi.it-DSK-300x250-corpoart\" style=\"text-align:center;margin:0 auto;\"><\/div><\/p>\n<div id=\"videoincontent\" style=\"clear:both\";><\/div>","protected":false},"excerpt":{"rendered":"<p>&#8220;Dopo aver parlato con Berlusconi, posso confermare che la lista per le Europee \u00e8 quella uscita ieri&#8221;. Cos\u00ec il commissario di Forza Italia in Sicilia, Gianfranco Miccich\u00e9, presentando i nomi della lista la circoscrizione Isole: sar\u00e0 formata da Silvio Berlusconi (capolista), Urania Papatheu, Salvatore Cicu, Gabriella Greco, Giuseppe Milazzo, Giorgia Iacolino, Saverio Romano e Dafne [&hellip;]<\/p>\n","protected":false},"author":2,"featured_media":8222,"comment_status":"closed","ping_status":"open","sticky":false,"template":"","format":"standard","meta":{"ub_ctt_via":"","_mi_skip_tracking":false},"categories":[6],"tags":[],"featured_image_src":"https:\/\/www.messinaoggi.it\/website\/wp-content\/uploads\/2017\/09\/L-genovese-palaculturaRRP_7480-2.jpg","author_info":{"display_name":"Redazione","author_link":"https:\/\/www.messinaoggi.it\/website\/author\/redazione\/"},"digistream_id":0,"digistream":false,"_links":{"self":[{"href":"https:\/\/www.messinaoggi.it\/website\/wp-json\/wp\/v2\/posts\/31634"}],"collection":[{"href":"https:\/\/www.messinaoggi.it\/website\/wp-json\/wp\/v2\/posts"}],"about":[{"href":"https:\/\/www.messinaoggi.it\/website\/wp-json\/wp\/v2\/types\/post"}],"author":[{"embeddable":true,"href":"https:\/\/www.messinaoggi.it\/website\/wp-json\/wp\/v2\/users\/2"}],"replies":[{"embeddable":true,"href":"https:\/\/www.messinaoggi.it\/website\/wp-json\/wp\/v2\/comments?post=31634"}],"version-history":[{"count":0,"href":"https:\/\/www.messinaoggi.it\/website\/wp-json\/wp\/v2\/posts\/31634\/revisions"}],"wp:featuredmedia":[{"embeddable":true,"href":"https:\/\/www.messinaoggi.it\/website\/wp-json\/wp\/v2\/media\/8222"}],"wp:attachment":[{"href":"https:\/\/www.messinaoggi.it\/website\/wp-json\/wp\/v2\/media?parent=31634"}],"wp:term":[{"taxonomy":"category","embeddable":true,"href":"https:\/\/www.messinaoggi.it\/website\/wp-json\/wp\/v2\/categories?post=31634"},{"taxonomy":"post_tag","embeddable":true,"href":"https:\/\/www.messinaoggi.it\/website\/wp-json\/wp\/v2\/tags?post=31634"}],"curies":[{"name":"wp","href":"https:\/\/api.w.org\/{rel}","templated":true}]}}