{"id":31632,"date":"2019-04-17T13:06:47","date_gmt":"2019-04-17T11:06:47","guid":{"rendered":"http:\/\/www.messinaoggi.it\/website\/?p=31632"},"modified":"2019-04-17T13:06:47","modified_gmt":"2019-04-17T11:06:47","slug":"messina-social-city-ritardi-nei-pagamenti-della-prima-mensilita-gioveni-interroga-lamministrazione","status":"publish","type":"post","link":"https:\/\/www.messinaoggi.it\/website\/2019\/04\/17\/messina-social-city-ritardi-nei-pagamenti-della-prima-mensilita-gioveni-interroga-lamministrazione\/","title":{"rendered":"Messina Social City, ritardi nei pagamenti della prima mensilit\u00e0. Gioveni interroga l&#039;Amministrazione"},"content":{"rendered":"<p align=\"JUSTIFY\">\u201c<span style=\"font-family: Arial, sans-serif\"><span style=\"font-size: medium\"><i>Avendo la societ\u00e0 nelle proprie casse una disponibilit\u00e0 di oltre un milione di euro, appare a dir poco curioso, se non addirittura anomalo, il fatto che<\/i><i> ancora i dipendenti, almeno fino alla giornata di ieri, non abbiano percepito lo stipendio<\/i>\u201d. \u00c8 quanto si pu\u00f2 leggere in un&#8217;interrogazione indirizzata all&#8217;amministrazione comunale da parte del consigliere comunale Libero Gioveni, nella quale chiede maggiori delucidazioni su quali siano stati i motivi che hanno spinto la Messina Social City, la nuova partecipata che da poco pi\u00f9 di un mese si occupa di servi sociali, a ritardare l&#8217;erogazione del primo stipendio ai propri dipendenti. Infatti, il consigliere comunale ci tiene a precisare che il termine ultimo per effettuare il pagamento risale allo scorso 10 aprile.<\/span><\/span><div id=\"div-gpt-ad-Messinaoggi.it-DSK-300x250-corpoart\" style=\"text-align:center;margin:0 auto;\"><\/div><\/p>\n<p align=\"JUSTIFY\"><span style=\"font-family: Arial, sans-serif\"><span style=\"font-size: medium\">&#8220;<em>\u00c8 un qualcosa di anomalo proprio perch\u00e9 stiamo parlando degli stessi dipendenti che lo scorso primo marzo avevano esultato in quanto finalmente svincolati da talune cooperative che spesso pagavano i loro stipendi in notevole ritardo!<\/em>&#8220;, spiega il consigliere comunale.<br \/>\n<\/span><\/span><div id=\"videoincontent\" style=\"clear:both\";><\/div><\/p>\n<p align=\"JUSTIFY\"><span style=\"font-family: Arial, sans-serif\"><span style=\"font-size: medium\">&#8220;<em>Pertanto,<\/em> &#8211; conclude Gioveni &#8211;<em> pur comprendendo la naturale fase di &#8216;rodaggio&#8217; che ogni nuova &#8216;macchina&#8217; necessit\u00e0 per far &#8216;oliare&#8217; al meglio tutti gli ingranaggi del sistema, interrogo con carattere di massima urgenza l&#8217;amministrazione comunale al fine di conoscere: <\/em><\/span><\/span><em><span style=\"font-family: Arial, sans-serif\"><span style=\"font-size: medium\">i motivi che hanno generato ritardo al pagamento degli stipendi del mese di marzo a tutti i lavoratori della \u201cMessina Social City\u201d; <\/span><\/span><span style=\"font-family: Arial, sans-serif\"><span style=\"font-size: medium\">se fra le possibili cause del ritardo possa esserci anche il fatto che l\u2019azienda non abbia ancora nominato il suo direttore generale; <\/span><\/span><\/em><span style=\"font-family: Arial, sans-serif\"><span style=\"font-size: medium\"><em>quanto tempo ancora occorrer\u00e0 affinch\u00e9 tutti i lavoratori impegnati nei vari servizi possano ricevere da ora in avanti con regolarit\u00e0 la loro retribuzione<\/em>&#8220;.<\/span><\/span><\/p>\n","protected":false},"excerpt":{"rendered":"<p>\u201cAvendo la societ\u00e0 nelle proprie casse una disponibilit\u00e0 di oltre un milione di euro, appare a dir poco curioso, se non addirittura anomalo, il fatto che ancora i dipendenti, almeno fino alla giornata di ieri, non abbiano percepito lo stipendio\u201d. \u00c8 quanto si pu\u00f2 leggere in un&#8217;interrogazione indirizzata all&#8217;amministrazione comunale da parte del consigliere comunale [&hellip;]<\/p>\n","protected":false},"author":8,"featured_media":10353,"comment_status":"closed","ping_status":"open","sticky":false,"template":"","format":"standard","meta":{"ub_ctt_via":"","_mi_skip_tracking":false},"categories":[6],"tags":[],"featured_image_src":"https:\/\/www.messinaoggi.it\/website\/wp-content\/uploads\/2017\/10\/palazzo-zanca-messina.jpg","author_info":{"display_name":"red..me","author_link":"https:\/\/www.messinaoggi.it\/website\/author\/redstage\/"},"digistream_id":0,"digistream":false,"_links":{"self":[{"href":"https:\/\/www.messinaoggi.it\/website\/wp-json\/wp\/v2\/posts\/31632"}],"collection":[{"href":"https:\/\/www.messinaoggi.it\/website\/wp-json\/wp\/v2\/posts"}],"about":[{"href":"https:\/\/www.messinaoggi.it\/website\/wp-json\/wp\/v2\/types\/post"}],"author":[{"embeddable":true,"href":"https:\/\/www.messinaoggi.it\/website\/wp-json\/wp\/v2\/users\/8"}],"replies":[{"embeddable":true,"href":"https:\/\/www.messinaoggi.it\/website\/wp-json\/wp\/v2\/comments?post=31632"}],"version-history":[{"count":0,"href":"https:\/\/www.messinaoggi.it\/website\/wp-json\/wp\/v2\/posts\/31632\/revisions"}],"wp:featuredmedia":[{"embeddable":true,"href":"https:\/\/www.messinaoggi.it\/website\/wp-json\/wp\/v2\/media\/10353"}],"wp:attachment":[{"href":"https:\/\/www.messinaoggi.it\/website\/wp-json\/wp\/v2\/media?parent=31632"}],"wp:term":[{"taxonomy":"category","embeddable":true,"href":"https:\/\/www.messinaoggi.it\/website\/wp-json\/wp\/v2\/categories?post=31632"},{"taxonomy":"post_tag","embeddable":true,"href":"https:\/\/www.messinaoggi.it\/website\/wp-json\/wp\/v2\/tags?post=31632"}],"curies":[{"name":"wp","href":"https:\/\/api.w.org\/{rel}","templated":true}]}}