{"id":31595,"date":"2019-04-16T10:54:14","date_gmt":"2019-04-16T08:54:14","guid":{"rendered":"http:\/\/www.messinaoggi.it\/website\/?p=31595"},"modified":"2019-04-16T10:54:14","modified_gmt":"2019-04-16T08:54:14","slug":"giallo-al-policlinico-bimbo-di-forza-dagro-muore-al-pronto-soccorso","status":"publish","type":"post","link":"https:\/\/www.messinaoggi.it\/website\/2019\/04\/16\/giallo-al-policlinico-bimbo-di-forza-dagro-muore-al-pronto-soccorso\/","title":{"rendered":"Giallo al Policlinico: bimbo di Forza d&#039;Agr\u00f2 muore al Pronto soccorso"},"content":{"rendered":"<p style=\"text-align: justify;\">Restano da chiarire le cause del decesso, ma una cosa \u00e8 certa: la comunit\u00e0 di Forza d\u2019Agr\u00f2 piange per la scomparsa di Nicol\u00f2 Savoca, bambino di 4 anni del luogo il cui cuore ha smesso di battere nella notte di sabato scorso, attorno all\u20191 e 30, presso il Policlinico di Messina.<div id=\"div-gpt-ad-Messinaoggi.it-DSK-300x250-corpoart\" style=\"text-align:center;margin:0 auto;\"><\/div><\/p>\n<p style=\"text-align: justify;\">Nicol\u00f2 ha dovuto combattere da sempre per la propria salute, che versava sin dalla sua nascita in delle condizioni di precariet\u00e0. Nulla per\u00f2 lasciava presagire che il piccolo sarebbe spirato improvvisamente in cos\u00ec poco tempo. Infatti, le condizioni di salute del bambino sono iniziate a peggiorare inesorabilmente a partire dallo scorso venerd\u00ec pomeriggio, al punto tale da costringere i medici del luogo a optare per un suo trasferimento presso il Policlinico di Messina, dove una volta giunto \u00e8 stato trasferito al Pronto soccorso pediatrico in codice rosso.<div id=\"videoincontent\" style=\"clear:both\";><\/div><\/p>\n<p style=\"text-align: justify;\">La condizione del bimbo \u00e8 apparsa immediatamente critica agli occhi dei medici dell\u2019ospedale messinese, i quali si son trovati dinnanzi a uno stomaco gonfio, segno di una probabile emorragia interna verificatasi nelle ore antecedenti. Inutile l\u2019intervento dei sanitari nel tentativo di prendere in mano la situazione, in quanto il piccolo \u00e8 deceduto qualche ora dopo.<\/p>\n<p style=\"text-align: justify;\">Una volta venuti a conoscenza della morte del proprio bambino, i genitori di Nicol\u00f2 hanno esposto denuncia alla Procura di Messina, la quale dovr\u00e0 adesso indagare su quanto accaduto. Intanto i medici che si sono occupati del bambino hanno mandato una relazione sul decesso alla direzione sanitaria.<\/p>\n","protected":false},"excerpt":{"rendered":"<p>Restano da chiarire le cause del decesso, ma una cosa \u00e8 certa: la comunit\u00e0 di Forza d\u2019Agr\u00f2 piange per la scomparsa di Nicol\u00f2 Savoca, bambino di 4 anni del luogo il cui cuore ha smesso di battere nella notte di sabato scorso, attorno all\u20191 e 30, presso il Policlinico di Messina. Nicol\u00f2 ha dovuto combattere [&hellip;]<\/p>\n","protected":false},"author":8,"featured_media":1406,"comment_status":"closed","ping_status":"open","sticky":false,"template":"","format":"standard","meta":{"ub_ctt_via":"","_mi_skip_tracking":false},"categories":[6],"tags":[],"featured_image_src":"https:\/\/www.messinaoggi.it\/website\/wp-content\/uploads\/2017\/06\/policlinico-ingresso-pronto-soccorso-2-2.jpg","author_info":{"display_name":"red..me","author_link":"https:\/\/www.messinaoggi.it\/website\/author\/redstage\/"},"digistream_id":0,"digistream":false,"_links":{"self":[{"href":"https:\/\/www.messinaoggi.it\/website\/wp-json\/wp\/v2\/posts\/31595"}],"collection":[{"href":"https:\/\/www.messinaoggi.it\/website\/wp-json\/wp\/v2\/posts"}],"about":[{"href":"https:\/\/www.messinaoggi.it\/website\/wp-json\/wp\/v2\/types\/post"}],"author":[{"embeddable":true,"href":"https:\/\/www.messinaoggi.it\/website\/wp-json\/wp\/v2\/users\/8"}],"replies":[{"embeddable":true,"href":"https:\/\/www.messinaoggi.it\/website\/wp-json\/wp\/v2\/comments?post=31595"}],"version-history":[{"count":0,"href":"https:\/\/www.messinaoggi.it\/website\/wp-json\/wp\/v2\/posts\/31595\/revisions"}],"wp:featuredmedia":[{"embeddable":true,"href":"https:\/\/www.messinaoggi.it\/website\/wp-json\/wp\/v2\/media\/1406"}],"wp:attachment":[{"href":"https:\/\/www.messinaoggi.it\/website\/wp-json\/wp\/v2\/media?parent=31595"}],"wp:term":[{"taxonomy":"category","embeddable":true,"href":"https:\/\/www.messinaoggi.it\/website\/wp-json\/wp\/v2\/categories?post=31595"},{"taxonomy":"post_tag","embeddable":true,"href":"https:\/\/www.messinaoggi.it\/website\/wp-json\/wp\/v2\/tags?post=31595"}],"curies":[{"name":"wp","href":"https:\/\/api.w.org\/{rel}","templated":true}]}}