{"id":31580,"date":"2019-04-15T15:21:13","date_gmt":"2019-04-15T13:21:13","guid":{"rendered":"http:\/\/www.messinaoggi.it\/website\/?p=31580"},"modified":"2019-04-15T15:21:13","modified_gmt":"2019-04-15T13:21:13","slug":"europee-in-corsa-la-messinese-gervasi-con-fdi-caos-in-forza-italia","status":"publish","type":"post","link":"https:\/\/www.messinaoggi.it\/website\/2019\/04\/15\/europee-in-corsa-la-messinese-gervasi-con-fdi-caos-in-forza-italia\/","title":{"rendered":"Europee, in corsa la messinese Gervasi con Fdi. Caos in Forza Italia"},"content":{"rendered":"<p>L&#8217;ex forzista Maria Fernanda Gervasi sar\u00e0 la candidata messinese di Fratelli d&#8217;Italia nel collegio Isole. Questa mattina l&#8217;avvocato messinese ha sottoscritto la sua candidatura a Roma con il partito di Giorgia Meloni. Ad annunciarlo su Fb \u00e8 stato il deputato regionale di Fdi, Giuseppe Catalfamo. Si va quindi completando il puzzle della candidature in vista delle elezioni per il rinnovo del parlamento europeo. Entro mercoled\u00ec 17 si avr\u00e0 comunque il quadro completo.<br \/>\nIntanto, regna il caos in Forza Italia dal momento che non \u00e8 stato sciolto il nodo della candidatura di Giovanni La Via, parlamentare uscente, eletto 5 anni addietro con Ncd, grazie al sostegno del messinese Nino German\u00e0. Tajani sta fortemente caldeggiando la sua discesa in campo con Forza Italia e questo sta generando fibrillazioni all&#8217;interno di FI.<br \/>\n&#8220;Qualsiasi notizia circa le candidature di Forza Italia in Sicilia per le Europee non ha alcun fondamento. La decisione definitiva verr\u00e0 presa domani, a Roma, nel corso di una riunione&#8221;. A dirlo all&#8217;Adnkronos \u00e8 Gianfranco Miccich\u00e8, Presidente dell&#8217;Assemblea regionale siciliana e commissario regionale di Fi in Sicilia, commentando la notizia circa la conferma della presenza di Giuseppe Milazzo nella lista di Fi dopo Berlusconi e l&#8217;uscente Salvatore Cicu. La sua presenza significherebbe la mancata conferma dell&#8217;uscente Giovanni La Via.<br \/>\n&#8220;Le notizie che escono in queste ore &#8211; dice Miccich\u00e8 &#8211; non mi riguardano, sono solo giochi e ognuno dice la sua. Quindi, \u00e8 inutile avventurarsi in questo gioco. Se ci dovessero essere notizie ufficiali, le comunicher\u00f2 io personalmente&#8221;.<div id=\"div-gpt-ad-Messinaoggi.it-DSK-300x250-corpoart\" style=\"text-align:center;margin:0 auto;\"><\/div><\/p>\n<div id=\"videoincontent\" style=\"clear:both\";><\/div>","protected":false},"excerpt":{"rendered":"<p>L&#8217;ex forzista Maria Fernanda Gervasi sar\u00e0 la candidata messinese di Fratelli d&#8217;Italia nel collegio Isole. Questa mattina l&#8217;avvocato messinese ha sottoscritto la sua candidatura a Roma con il partito di Giorgia Meloni. Ad annunciarlo su Fb \u00e8 stato il deputato regionale di Fdi, Giuseppe Catalfamo. Si va quindi completando il puzzle della candidature in vista [&hellip;]<\/p>\n","protected":false},"author":2,"featured_media":31581,"comment_status":"closed","ping_status":"open","sticky":false,"template":"","format":"standard","meta":{"ub_ctt_via":"","_mi_skip_tracking":false},"categories":[4],"tags":[],"featured_image_src":"https:\/\/www.messinaoggi.it\/website\/wp-content\/uploads\/2019\/04\/Gervasi.jpg","author_info":{"display_name":"Redazione","author_link":"https:\/\/www.messinaoggi.it\/website\/author\/redazione\/"},"digistream_id":0,"digistream":false,"_links":{"self":[{"href":"https:\/\/www.messinaoggi.it\/website\/wp-json\/wp\/v2\/posts\/31580"}],"collection":[{"href":"https:\/\/www.messinaoggi.it\/website\/wp-json\/wp\/v2\/posts"}],"about":[{"href":"https:\/\/www.messinaoggi.it\/website\/wp-json\/wp\/v2\/types\/post"}],"author":[{"embeddable":true,"href":"https:\/\/www.messinaoggi.it\/website\/wp-json\/wp\/v2\/users\/2"}],"replies":[{"embeddable":true,"href":"https:\/\/www.messinaoggi.it\/website\/wp-json\/wp\/v2\/comments?post=31580"}],"version-history":[{"count":0,"href":"https:\/\/www.messinaoggi.it\/website\/wp-json\/wp\/v2\/posts\/31580\/revisions"}],"wp:featuredmedia":[{"embeddable":true,"href":"https:\/\/www.messinaoggi.it\/website\/wp-json\/wp\/v2\/media\/31581"}],"wp:attachment":[{"href":"https:\/\/www.messinaoggi.it\/website\/wp-json\/wp\/v2\/media?parent=31580"}],"wp:term":[{"taxonomy":"category","embeddable":true,"href":"https:\/\/www.messinaoggi.it\/website\/wp-json\/wp\/v2\/categories?post=31580"},{"taxonomy":"post_tag","embeddable":true,"href":"https:\/\/www.messinaoggi.it\/website\/wp-json\/wp\/v2\/tags?post=31580"}],"curies":[{"name":"wp","href":"https:\/\/api.w.org\/{rel}","templated":true}]}}