{"id":31567,"date":"2019-04-15T12:25:36","date_gmt":"2019-04-15T10:25:36","guid":{"rendered":"http:\/\/www.messinaoggi.it\/website\/?p=31567"},"modified":"2019-04-15T12:25:36","modified_gmt":"2019-04-15T10:25:36","slug":"meteo-finalmente-in-arrivo-il-bel-tempo","status":"publish","type":"post","link":"https:\/\/www.messinaoggi.it\/website\/2019\/04\/15\/meteo-finalmente-in-arrivo-il-bel-tempo\/","title":{"rendered":"Meteo, finalmente in arrivo il bel tempo"},"content":{"rendered":"<p style=\"text-align: justify;\">E&#8217; assodato che Aprile e Marzo abbiano sonoramente sfatato con la realt\u00e0 dei fatti la fallace credenza di moltissimi beltempofili. Ancora oggi, molti profani della meteorologia perseverano nella loro totale imperizia nel campo, ponendo domande assolutamente chimeriche: &#8221; Ma la vera primavera quando arriva&#8221;?<br \/>\nSignori miei, mettetevi il cuore in pace. Negli ultimi anni siete stati abituati male, molto male. La normalit\u00e0 climatica per il periodo pre-pasquale racchiude da decenni una perenne volubilit\u00e0, tipica e usuale per il Mediterraneo.<br \/>\nPer tali motivi, la primavera non deve MAI essere ritenuta come la stagione della esclusiva ed incontrastata stabilit\u00e0, perch\u00e8 non \u00e8 mai stato e non sar\u00e0 mai cosi. Anzi, \u00e8 un bene che piova frequentemente in questo periodo, in modo che la vegetazione goda di una ottima floridezza. Cosi come, non hanno alcuna attendibilit\u00e0 scientifica le ridicole credenze relative ai proverbi. Un esempio? &#8221; Se piove il 4 Aprile, piover\u00e0 per 3 mesi di fila&#8221;.<br \/>\nLe boiate si sprecano e c&#8217;\u00e8 sempre qualche ignorante prontissimo a bere queste amenit\u00e0. Siamo veramente rovinati.<br \/>\nL&#8217;alba odierna \u00e8 stata movimentata da una rapida linea temporalesca di origine marittima, che si \u00e8 gi\u00e0 portata sullo Ionio.<br \/>\nIl minimo allocato a pochi km da Stromboli ha inidirizzato un getto strettese libecciale, ponendo questa porzione sicula lievemente ai margini.<br \/>\nLa circolazione depressionaria ormai moribonda, sta per cedere la &#8220;carica&#8221; barica ad un flebile campo barico, che seppur con qualche impaccio, riuscir\u00e0 a rimettere a nuovo una relativa stabilit\u00e0 ( gpt 568 dam).<br \/>\nL&#8217;anticiclone delle Azzorre non avr\u00e0 modo di bazzicare il mare nostrum, interdetto da una vasta saccatura atlantica che intralcer\u00e0 il suo moto zonale.<br \/>\nPertanto, il debole campo altopressorio d&#8217;estrazione subtropicale che assumer\u00e0 le redini della Sicilia non sar\u00e0 esente da deboli intrusioni umide ai bassi strati.<br \/>\nCon questo quadro barico, martedi e mercoledi il tempo sar\u00e0 nel complesso buono, a tratti localmente variabile, ma essenzialmente tranquillo.<br \/>\nCielo spazier\u00e0 dal parzialmente all&#8217;irregolarmente nuvoloso, con momenti soleggiati che si alterneranno a frangenti un po pi\u00f9 plumbei, con nuvolaglia sparsa che non dovrebbe arrecare fenomeni degni di nota.<br \/>\nMercoledi osserveremo qualche occhiata di sole in pi\u00f9 specialmente sull&#8217;area dello Stretto.<br \/>\nI venti spireranno debolmente da ponente e libeccio (W-SW), mantenendo tutti i bacini in buone condizioni.<br \/>\nLa temperatura tender\u00e0 timidamente a riportarsi prossima alle medie stagionali, oscillando dai 13\u00b0 di minima ai 16-17\u00b0 all&#8217;ombra. Nessuna immediata avvezione di tepore per le nostre lande. Il tasso dell&#8217;Ur far\u00e0 segnare valori elevati compresi fra il 60 e il 90%.<br \/>\nLe tendenze del tempo a medio termine prefigurano che durante il week end l&#8217;ecosistema depressionario ondeggiante in pieno Atlantico trasler\u00e0 verso la penisola iberica depotenziandosi notevolmente, segregandosi in un debole cut off che dovrebbe ambientarsi fra Stretto di Gibilterra e Baleari.<br \/>\nDa quella posizione, esso richiamer\u00e0 un flusso di miti correnti d&#8217;estrazione algerina che risaliranno verso la Sicilia, con un riflesso caldo particolarmente intenso per parte della Sicilia tirrenica.<br \/>\nLa possibile incursione marocchina di questa chiusa circolazione depressionaria potrebbe partorire in un secondo momento una profonda ciclogenesi, il cui ipotizzabile minimo potrebbe appostarsi sul Mediterraneo centrale.<br \/>\nQuali risvolti per il messinese? Scirocco moderato per la ionica e localmente sostenuto per lo Stretto, molto forte per la tirrenica, penalizzata dall&#8217;effetto catabatico.<br \/>\nCielo pesantemente velato da un compatto cirro strato d&#8217;origine africana che potrebbe anche offuscare il soleggiamento, inficiando qualsiasi surplus termico. I futuri aggiornamenti modellistici saranno importantissimi per eventuali conferme, ridimensionamenti o clamorose smentite. Ma la tendenza sembra orientata verso una forte sciroccata tirrenica, con scarso gradiente orizzontale ionico. Un grazie di cuore e arrivederci.<div id=\"div-gpt-ad-Messinaoggi.it-DSK-300x250-corpoart\" style=\"text-align:center;margin:0 auto;\"><\/div><\/p>\n<p style=\"text-align: right;\"><strong>Alessio Campobello<\/strong><div id=\"videoincontent\" style=\"clear:both\";><\/div><\/p>\n","protected":false},"excerpt":{"rendered":"<p>E&#8217; assodato che Aprile e Marzo abbiano sonoramente sfatato con la realt\u00e0 dei fatti la fallace credenza di moltissimi beltempofili. Ancora oggi, molti profani della meteorologia perseverano nella loro totale imperizia nel campo, ponendo domande assolutamente chimeriche: &#8221; Ma la vera primavera quando arriva&#8221;? Signori miei, mettetevi il cuore in pace. Negli ultimi anni siete [&hellip;]<\/p>\n","protected":false},"author":2,"featured_media":31568,"comment_status":"closed","ping_status":"open","sticky":false,"template":"","format":"standard","meta":{"ub_ctt_via":"","_mi_skip_tracking":false},"categories":[11],"tags":[],"featured_image_src":"https:\/\/www.messinaoggi.it\/website\/wp-content\/uploads\/2019\/04\/D670D775-5C3B-4DF9-A0DA-ECCDA94170FD.jpeg","author_info":{"display_name":"Redazione","author_link":"https:\/\/www.messinaoggi.it\/website\/author\/redazione\/"},"digistream_id":0,"digistream":false,"_links":{"self":[{"href":"https:\/\/www.messinaoggi.it\/website\/wp-json\/wp\/v2\/posts\/31567"}],"collection":[{"href":"https:\/\/www.messinaoggi.it\/website\/wp-json\/wp\/v2\/posts"}],"about":[{"href":"https:\/\/www.messinaoggi.it\/website\/wp-json\/wp\/v2\/types\/post"}],"author":[{"embeddable":true,"href":"https:\/\/www.messinaoggi.it\/website\/wp-json\/wp\/v2\/users\/2"}],"replies":[{"embeddable":true,"href":"https:\/\/www.messinaoggi.it\/website\/wp-json\/wp\/v2\/comments?post=31567"}],"version-history":[{"count":0,"href":"https:\/\/www.messinaoggi.it\/website\/wp-json\/wp\/v2\/posts\/31567\/revisions"}],"wp:featuredmedia":[{"embeddable":true,"href":"https:\/\/www.messinaoggi.it\/website\/wp-json\/wp\/v2\/media\/31568"}],"wp:attachment":[{"href":"https:\/\/www.messinaoggi.it\/website\/wp-json\/wp\/v2\/media?parent=31567"}],"wp:term":[{"taxonomy":"category","embeddable":true,"href":"https:\/\/www.messinaoggi.it\/website\/wp-json\/wp\/v2\/categories?post=31567"},{"taxonomy":"post_tag","embeddable":true,"href":"https:\/\/www.messinaoggi.it\/website\/wp-json\/wp\/v2\/tags?post=31567"}],"curies":[{"name":"wp","href":"https:\/\/api.w.org\/{rel}","templated":true}]}}