{"id":31550,"date":"2019-04-15T10:43:59","date_gmt":"2019-04-15T08:43:59","guid":{"rendered":"http:\/\/www.messinaoggi.it\/website\/?p=31550"},"modified":"2019-04-15T10:43:59","modified_gmt":"2019-04-15T08:43:59","slug":"barcellona-riserva-bordate-di-fischi-alleuropeista-gianfranco-micciche","status":"publish","type":"post","link":"https:\/\/www.messinaoggi.it\/website\/2019\/04\/15\/barcellona-riserva-bordate-di-fischi-alleuropeista-gianfranco-micciche\/","title":{"rendered":"Barcellona riserva bordate di fischi all&#039;europeista Gianfranco Miccich\u00e9"},"content":{"rendered":"<p style=\"text-align: justify;\">Tanti di quei fischi che alla fine <strong>Gianfranco Miccich\u00e8<\/strong> \u00e8 stato costretto ad abbandonare mestamente la platea. I barcellonesi non hanno per nulla gradito le argomentazioni del leader maximo regionale di Forza Italia all&#8217;incontro promosso da un&#8217;associazione culturale vicina all&#8217;on. T<strong>ommaso Calderone<\/strong>, tenutosi sabato a Barcellona Pozzo di Gotto.<div id=\"div-gpt-ad-Messinaoggi.it-DSK-300x250-corpoart\" style=\"text-align:center;margin:0 auto;\"><\/div><\/p>\n<p style=\"text-align: justify;\">E&#8217; il segno di un malessere diffuso all&#8217;interno del partito di <strong>Berlusconi<\/strong> che si appresta ad affrontare le europee in un clima di assoluta incertezza. Il filosofo Diego Fusaro, noto sovranista, ha messo ko il presidente dell&#8217;Ars <strong>Gianfranco Miccich\u00e8<\/strong>, marcato a uomo e, quindi indispettito, dalla presenza di un inviato del programma di <strong>La7 &#8220;L&#8217;Arena&#8221;<\/strong>.<div id=\"videoincontent\" style=\"clear:both\";><\/div><\/p>\n<p style=\"text-align: justify;\">I fischi hanno scandito inesorabilmente, nonostante i ripetuti inviti alla calma di <strong>Tommaso Calderone<\/strong>, le parole di Miccich\u00e9 sopraffatto dai &#8220;rumors&#8221; del pubblico numeroso presente al <strong>Teatro Mandanici<\/strong>. L&#8217;incontro era stato promosso come una sorta di combattimento (i guantoni da pugile sovrastavano la locandina), fra due posizione opposte. Alla fine Gianfranco Miccich\u00e8 &#8211; vuoi per la sua antipatia cronica &#8211; \u00e8 uscito con le ossa rotte da un confronto che ha visto vincente il giovane filosofo <strong>Diego Fusaro<\/strong>.<\/p>\n<p style=\"text-align: justify;\">L&#8217;avvocato Giuseppe Sottile, moderatore dell&#8217;incontro, ha avuto il suo bel da fare per placare gli animi dei contestatori di Gianfranco Miccich\u00e9.<\/p>\n<p style=\"text-align: justify;\">Al di l\u00e0 della disapprovazione, dall&#8217;incontro di sabato emerge un innegabile dato politico: Forza Italia \u00e8 un partito che, contrariamente alla tendenza nazionale, in Sicilia perde consensi a vantaggio della Lega di<strong> Matteo Salvini<\/strong>. Ma questo lo si vedr\u00e0 alle europee di maggio quando gli elettori saranno chiamati alle urne. Dal risultato dipender\u00e0 anche il futuro di Gianfranco Miccich\u00e9 alla guida degli azzurri siciliani, dove il malcontento sta montando dalla base.<\/p>\n","protected":false},"excerpt":{"rendered":"<p>Tanti di quei fischi che alla fine Gianfranco Miccich\u00e8 \u00e8 stato costretto ad abbandonare mestamente la platea. I barcellonesi non hanno per nulla gradito le argomentazioni del leader maximo regionale di Forza Italia all&#8217;incontro promosso da un&#8217;associazione culturale vicina all&#8217;on. Tommaso Calderone, tenutosi sabato a Barcellona Pozzo di Gotto. E&#8217; il segno di un malessere [&hellip;]<\/p>\n","protected":false},"author":2,"featured_media":31549,"comment_status":"closed","ping_status":"open","sticky":false,"template":"","format":"standard","meta":{"ub_ctt_via":"","_mi_skip_tracking":false},"categories":[19],"tags":[],"featured_image_src":"https:\/\/www.messinaoggi.it\/website\/wp-content\/uploads\/2019\/04\/A68A707C-01E3-4AE7-9B2E-5D4F2BDA3F68.jpeg","author_info":{"display_name":"Redazione","author_link":"https:\/\/www.messinaoggi.it\/website\/author\/redazione\/"},"digistream_id":0,"digistream":false,"_links":{"self":[{"href":"https:\/\/www.messinaoggi.it\/website\/wp-json\/wp\/v2\/posts\/31550"}],"collection":[{"href":"https:\/\/www.messinaoggi.it\/website\/wp-json\/wp\/v2\/posts"}],"about":[{"href":"https:\/\/www.messinaoggi.it\/website\/wp-json\/wp\/v2\/types\/post"}],"author":[{"embeddable":true,"href":"https:\/\/www.messinaoggi.it\/website\/wp-json\/wp\/v2\/users\/2"}],"replies":[{"embeddable":true,"href":"https:\/\/www.messinaoggi.it\/website\/wp-json\/wp\/v2\/comments?post=31550"}],"version-history":[{"count":0,"href":"https:\/\/www.messinaoggi.it\/website\/wp-json\/wp\/v2\/posts\/31550\/revisions"}],"wp:featuredmedia":[{"embeddable":true,"href":"https:\/\/www.messinaoggi.it\/website\/wp-json\/wp\/v2\/media\/31549"}],"wp:attachment":[{"href":"https:\/\/www.messinaoggi.it\/website\/wp-json\/wp\/v2\/media?parent=31550"}],"wp:term":[{"taxonomy":"category","embeddable":true,"href":"https:\/\/www.messinaoggi.it\/website\/wp-json\/wp\/v2\/categories?post=31550"},{"taxonomy":"post_tag","embeddable":true,"href":"https:\/\/www.messinaoggi.it\/website\/wp-json\/wp\/v2\/tags?post=31550"}],"curies":[{"name":"wp","href":"https:\/\/api.w.org\/{rel}","templated":true}]}}