{"id":31506,"date":"2019-04-13T11:10:53","date_gmt":"2019-04-13T09:10:53","guid":{"rendered":"http:\/\/www.messinaoggi.it\/website\/?p=31506"},"modified":"2019-04-13T11:10:53","modified_gmt":"2019-04-13T09:10:53","slug":"fp-cgil-ai-consiglieri-comunali-scongiurate-la-privatizzazione-di-messinaservizi","status":"publish","type":"post","link":"https:\/\/www.messinaoggi.it\/website\/2019\/04\/13\/fp-cgil-ai-consiglieri-comunali-scongiurate-la-privatizzazione-di-messinaservizi\/","title":{"rendered":"Fp Cgil ai consiglieri comunali: &quot;Scongiurate la privatizzazione di Messinaservizi&quot;"},"content":{"rendered":"<p><a href=\"http:\/\/www.messinaoggi.it\/website\/2019\/04\/11\/privatizzazione-messinaservizi-uil-sprona-il-consiglio-comunale-ad-avere-un-ruolo-attivo\/\"><span style=\"text-decoration: underline\">Dopo la Uil<\/span><\/a> anche la Cgil si aggiunge alla lista delle pi\u00f9 note organizzazioni sindacali che manifestano forti perplessit\u00e0 circa le intenzioni da parte del sindaco Cateno De Luca di voler procedere con la privatizzazione del servizio di gestione del ciclo integrato dei rifiuti, lanciando in tal senso un accorato appello al Consiglio Comunale affinch\u00e9 scongiuri un passaggio al libero mercato della Messinaservizi Bene Comune: \u201cLanciamo un appello all\u2019intero Consiglio Comunale affinch\u00e9 prenda in mano la situazione e senza remore valuti tutte le soluzioni possibili che scongiurino la privatizzazione del settore dell\u2019igiene ambientale, considerato che \u00e8 l&#8217;unico organo deputato a fare ci\u00f2\u201d, si legge in una nota a firma del segretario della Fp Cgil Francesco Fucile e del responsabile del dipartimento Carmelo Pino.<br \/>\n&#8220;<em>Quanto emerso dal confronto avuto a Palermo \u00e8 tutt\u2019altro che rassicurante<\/em>&#8220;, dichiarano Fucile e Pino esprimendo forti perplessit\u00e0 sull\u2019esito dell\u2019incontro al riguardo tenutosi presso l\u2019Assessorato regionale territorio e ambiente. &#8220;<em>In pi\u00f9<\/em> &#8211; aggiungono Fucile e Pino &#8211;<em> ricordiamo che il Consiglio Comunale, unico organo deputato ad esprimersi, aveva assunto delle decisioni ben precise rispetto al percorso di liquidazione della Messinaservizi, rispetto a cui peraltro sussistono forti perplessit\u00e0 riguardo la diretta applicazione del decreto Madia, supportata anche da una recentissima sentenza della Corte di Cassazione che mette in luce il fatto che societ\u00e0 aventi caratteristiche analoghe a quelle della Messinambiente, non sono da considerare in house provinding<\/em>&#8220;.<br \/>\nLa Fp Cgil ritiene dunque fondamentale un ulteriore approfondimento giuridico, poich\u00e9 dallo stesso dipende il futuro del servizio raccolta rifiuti, cio\u00e8 un\u2019eventuale privatizzazione che non farebbe altro che indebolire il sistema: &#8220;<em>Non si comprende bene il perch\u00e9<\/em> \u2013 affermano Fucile e Pino &#8211;<em> la richiesta di parere al CGA, promossa dal Consiglio Comunale, sia rimasta lettera morta. Sulla questione sembra essere caduto un silenzio assoluto ed assordante di cui vorremmo capire le reali motivazioni<\/em>. <em>Abbiamo difeso con i denti il valore pubblico della gestione in house<\/em> \u2013 ribadiscono i rappresentanti della Fp Cgil &#8211; e continueremo a farlo, perch\u00e9 fortemente convinti che il caso messinese potrebbe essere tirato fuori dall\u2019ambito di applicazione del decreto Madia. Affinch\u00e9 tale obiettivo venga raggiunto, serve per\u00f2 una forte volont\u00e0 politica, che pare, purtroppo, andare verso altra direzione.<br \/>\nConsiderata dunque la decisione che il Comune vuole prendere, la Fp Cgil si domanda &#8220;<em>quanto fosse surreale la dimensione durante le trattative con l\u2019Aassessore Musolino e l\u2019intero CdA della Messinaservizi in merito al Piano Economico Finanziario e alla Dotazione Organica. Abbiamo accettato la sfida per la tutela di tutti i lavoratori e lo si \u00e8 fatto con una visione di prospettiva che a fine anno 2019 prevede la tutela di tutti i posti di lavoro e 39 nuove assunzioni. Ci siamo opposti con successo, infatti, alle proposte avanzate dal CdA alle organizzazioni sindacali, viziate da un&#8217;impostazione riduttiva che aveva visto nella individuazione di 12\/17 esuberi\/ricollocazioni, il \u201ccuore\u201d della nuova strategia aziendale. Piano economico finanziario e nuova dotazione organica per noi devono rappresentare il mantenimento in vita della Messinaservizi. In considerazione di tutte le perplessit\u00e0 esposte, ribadiamo dunque il nostro appello all\u2019intero Consiglio Comunale per scongiurare la privatizzazione del settore<\/em>&#8220;.<div id=\"div-gpt-ad-Messinaoggi.it-DSK-300x250-corpoart\" style=\"text-align:center;margin:0 auto;\"><\/div><\/p>\n<div id=\"videoincontent\" style=\"clear:both\";><\/div>","protected":false},"excerpt":{"rendered":"<p>Dopo la Uil anche la Cgil si aggiunge alla lista delle pi\u00f9 note organizzazioni sindacali che manifestano forti perplessit\u00e0 circa le intenzioni da parte del sindaco Cateno De Luca di voler procedere con la privatizzazione del servizio di gestione del ciclo integrato dei rifiuti, lanciando in tal senso un accorato appello al Consiglio Comunale affinch\u00e9 [&hellip;]<\/p>\n","protected":false},"author":8,"featured_media":31509,"comment_status":"closed","ping_status":"open","sticky":false,"template":"","format":"standard","meta":{"ub_ctt_via":"","_mi_skip_tracking":false},"categories":[6],"tags":[],"featured_image_src":"https:\/\/www.messinaoggi.it\/website\/wp-content\/uploads\/2019\/04\/netturbini.jpg","author_info":{"display_name":"red..me","author_link":"https:\/\/www.messinaoggi.it\/website\/author\/redstage\/"},"digistream_id":0,"digistream":false,"_links":{"self":[{"href":"https:\/\/www.messinaoggi.it\/website\/wp-json\/wp\/v2\/posts\/31506"}],"collection":[{"href":"https:\/\/www.messinaoggi.it\/website\/wp-json\/wp\/v2\/posts"}],"about":[{"href":"https:\/\/www.messinaoggi.it\/website\/wp-json\/wp\/v2\/types\/post"}],"author":[{"embeddable":true,"href":"https:\/\/www.messinaoggi.it\/website\/wp-json\/wp\/v2\/users\/8"}],"replies":[{"embeddable":true,"href":"https:\/\/www.messinaoggi.it\/website\/wp-json\/wp\/v2\/comments?post=31506"}],"version-history":[{"count":0,"href":"https:\/\/www.messinaoggi.it\/website\/wp-json\/wp\/v2\/posts\/31506\/revisions"}],"wp:featuredmedia":[{"embeddable":true,"href":"https:\/\/www.messinaoggi.it\/website\/wp-json\/wp\/v2\/media\/31509"}],"wp:attachment":[{"href":"https:\/\/www.messinaoggi.it\/website\/wp-json\/wp\/v2\/media?parent=31506"}],"wp:term":[{"taxonomy":"category","embeddable":true,"href":"https:\/\/www.messinaoggi.it\/website\/wp-json\/wp\/v2\/categories?post=31506"},{"taxonomy":"post_tag","embeddable":true,"href":"https:\/\/www.messinaoggi.it\/website\/wp-json\/wp\/v2\/tags?post=31506"}],"curies":[{"name":"wp","href":"https:\/\/api.w.org\/{rel}","templated":true}]}}