{"id":31491,"date":"2019-04-12T15:37:06","date_gmt":"2019-04-12T13:37:06","guid":{"rendered":"http:\/\/www.messinaoggi.it\/website\/?p=31491"},"modified":"2019-04-12T15:37:06","modified_gmt":"2019-04-12T13:37:06","slug":"terremoto-acr-via-manfredi-e-torna","status":"publish","type":"post","link":"https:\/\/www.messinaoggi.it\/website\/2019\/04\/12\/terremoto-acr-via-manfredi-e-torna\/","title":{"rendered":"Terremoto Acr, via Manfredi e Torna"},"content":{"rendered":"<p>La societ\u00e0 comunica di avere sollevato dall\u2019incarico di Direttore Generale il sig. Lello Manfredi. Un grazie per tutto il lavoro profuso.<br \/>\nComunica inoltre che, sempre in data odierna, si \u00e8 risolto consensualmente il rapporto di collaborazione con il sig. Gianluca Torma. A quest\u2019ultimo, un grazie per i risultati raggiunti ed un grosso in bocca al lupo per il suo futuro.<br \/>\nInfine, la societ\u00e0 Acr Messina rende noto che \u00e8 stato ingaggiato il nuovo direttore sportivo \u00a0nella persona del sig. Fabrizio Ferrigno.<br \/>\n<a dir=\"ltr\" href=\"x-apple-data-detectors:\/\/0\">Alle ore 11.30<\/a>, nella sala stampa dello stadio Franco Scoglio sar\u00e0 presentato il nuovo direttore sportivo, accompagnato dal presidente Paolo Sciotto che sar\u00e0 a disposizione della stampa per affrontare i temi del momento e comunicher\u00e0 le nuove deleghe dirigenziali.<br \/>\nContestualmente il tecnico Pietro Infantino incontrer\u00e0 i giornalisti in occasione del suo ritorno sulla panchina giallorossa.<div id=\"div-gpt-ad-Messinaoggi.it-DSK-300x250-corpoart\" style=\"text-align:center;margin:0 auto;\"><\/div><\/p>\n<div id=\"videoincontent\" style=\"clear:both\";><\/div>","protected":false},"excerpt":{"rendered":"<p>La societ\u00e0 comunica di avere sollevato dall\u2019incarico di Direttore Generale il sig. Lello Manfredi. Un grazie per tutto il lavoro profuso. Comunica inoltre che, sempre in data odierna, si \u00e8 risolto consensualmente il rapporto di collaborazione con il sig. Gianluca Torma. A quest\u2019ultimo, un grazie per i risultati raggiunti ed un grosso in bocca al [&hellip;]<\/p>\n","protected":false},"author":2,"featured_media":1235,"comment_status":"closed","ping_status":"open","sticky":false,"template":"","format":"standard","meta":{"ub_ctt_via":"","_mi_skip_tracking":false},"categories":[10,9],"tags":[],"featured_image_src":"https:\/\/www.messinaoggi.it\/website\/wp-content\/uploads\/2017\/06\/Manfredi-Lello-2.jpg","author_info":{"display_name":"Redazione","author_link":"https:\/\/www.messinaoggi.it\/website\/author\/redazione\/"},"digistream_id":0,"digistream":false,"_links":{"self":[{"href":"https:\/\/www.messinaoggi.it\/website\/wp-json\/wp\/v2\/posts\/31491"}],"collection":[{"href":"https:\/\/www.messinaoggi.it\/website\/wp-json\/wp\/v2\/posts"}],"about":[{"href":"https:\/\/www.messinaoggi.it\/website\/wp-json\/wp\/v2\/types\/post"}],"author":[{"embeddable":true,"href":"https:\/\/www.messinaoggi.it\/website\/wp-json\/wp\/v2\/users\/2"}],"replies":[{"embeddable":true,"href":"https:\/\/www.messinaoggi.it\/website\/wp-json\/wp\/v2\/comments?post=31491"}],"version-history":[{"count":0,"href":"https:\/\/www.messinaoggi.it\/website\/wp-json\/wp\/v2\/posts\/31491\/revisions"}],"wp:featuredmedia":[{"embeddable":true,"href":"https:\/\/www.messinaoggi.it\/website\/wp-json\/wp\/v2\/media\/1235"}],"wp:attachment":[{"href":"https:\/\/www.messinaoggi.it\/website\/wp-json\/wp\/v2\/media?parent=31491"}],"wp:term":[{"taxonomy":"category","embeddable":true,"href":"https:\/\/www.messinaoggi.it\/website\/wp-json\/wp\/v2\/categories?post=31491"},{"taxonomy":"post_tag","embeddable":true,"href":"https:\/\/www.messinaoggi.it\/website\/wp-json\/wp\/v2\/tags?post=31491"}],"curies":[{"name":"wp","href":"https:\/\/api.w.org\/{rel}","templated":true}]}}