{"id":31475,"date":"2019-04-12T13:01:57","date_gmt":"2019-04-12T11:01:57","guid":{"rendered":"http:\/\/www.messinaoggi.it\/website\/?p=31475"},"modified":"2019-04-12T13:01:57","modified_gmt":"2019-04-12T11:01:57","slug":"la-sicilia-fatica-ancora-a-tornare-ai-livelli-pre-crisi-economica","status":"publish","type":"post","link":"https:\/\/www.messinaoggi.it\/website\/2019\/04\/12\/la-sicilia-fatica-ancora-a-tornare-ai-livelli-pre-crisi-economica\/","title":{"rendered":"La Sicilia fatica ancora a tornare ai livelli pre-crisi economica"},"content":{"rendered":"<p style=\"margin: 0cm;margin-bottom: .0001pt\"><span style=\"font-family: 'Arial',sans-serif;color: #212121\">Dieci miliardi di produzione in meno e 150 mila di disoccupati in pi\u00f9, specie con riferimento al settore delle costruzioni. \u00c8 questa l\u2019impietosa fotografia della Sicilia a poco pi\u00f9 di dieci anni di distanza dalla Grande Recessione, confermando di fatto che nel nostro Paese esistono due Italie che viaggiano a due differenti velocit\u00e0. I dati sono stati estrapolati da uno studio condotto dal ricercatore per l&#8217;IBAM-CNR Piero David, che ha presentato in un apposito incontro organizzato da LabDem svoltosi nella sede provinciale del Pd di Messina. <\/span><span style=\"font-family: 'Arial',sans-serif;color: #212121\">In particolare, secondo lo studio le risorse ordinarie delle societ\u00e0 private che operano con soldi pubblici (Anas, Ferrovie dello Stato, Enel, per citarne alcune) non arrivano pi\u00f9 al sud, ampliando cos\u00ec il divario tra il settentrione e il meridione del Paese e impedendo in particolare alla Sicilia di ritornare ai livelli pre-crisi.<\/span><div id=\"div-gpt-ad-Messinaoggi.it-DSK-300x250-corpoart\" style=\"text-align:center;margin:0 auto;\"><\/div><\/p>\n<p style=\"margin: 0cm;margin-bottom: .0001pt;background-image: initial\"><span style=\"font-family: 'Arial',sans-serif;color: #212121\">\u00a0<\/span><div id=\"videoincontent\" style=\"clear:both\";><\/div><\/p>\n<p style=\"margin: 0cm;margin-bottom: .0001pt\"><span style=\"font-family: 'Arial',sans-serif;color: #212121\">Ci\u00f2 che \u00e8 emerso \u00e8 che nonostante la timida ripresa negli ultimi anni, la Sicilia dal 2008 vive una lunga crisi economica e sociale di difficile soluzione. In particolare:<\/span><\/p>\n<ul>\n<li><span style=\"font-family: 'Arial',sans-serif;color: #212121\">Nel decennio che va dal 2007 al 2017, il valore aggiunto della produzione in Sicilia si \u00e8 ridotto del 12,58%, corrispondente a 10 miliardi di euro di beni e servizi in meno.<\/span><\/li>\n<li><span style=\"font-family: 'Arial',sans-serif;color: #212121\">Il settore che ha registrato la maggiore contrazione nel decennio, \u00e8 stato quello dell\u2019industria (-40,7%) all\u2019interno del quale il manufatturiero ha visto ridurre il proprio valore aggiunto del 37,15%.<\/span><\/li>\n<li><span style=\"font-family: 'Arial',sans-serif;color: #212121\">Disastrosa la situazione del settore delle costruzioni, la cui produzione si \u00e8 ridotta del 47%, con una perdita netta di 2,7 miliardi di euro.<\/span><\/li>\n<li><span style=\"font-family: 'Arial',sans-serif;color: #212121\">Di conseguenza, dal 2008 al 2014, gli occupati in Sicilia si sono ridotti di oltre 157.000 unit\u00e0, 10,7% del totale.<\/span><\/li>\n<li><span style=\"font-family: 'Arial',sans-serif;color: #212121\">Da sottolineare che prima del 2007, anno di massimo picco di crescita, la Sicilia comunque scontava dai 20 ai 30 punti percentuali di Pil in meno rispetto alle regioni del Nord.<\/span><\/li>\n<li><span style=\"font-family: 'Arial',sans-serif;color: #212121\">Per quanto riguarda la provincia di Messina, nel decennio in considerazione ha registrato una riduzione del valore aggiunto di 7,5 punti percentuali del Pil, corrispondenti a circa 917 milioni di euro.<\/span><\/li>\n<\/ul>\n<p style=\"margin: 0cm;margin-bottom: .0001pt;background-image: initial\"><span style=\"font-family: 'Arial',sans-serif;color: #212121\">Uno scenario a dir poco desolante per l&#8217;economia siciliana, nonostante dal 2007 al 2020 siano stati finanziati due cicli di programmazione di fondi strutturali e risorse nazionali: 26 miliardi di euro in tutto. Dei 12,8 miliardi di euro stanziati nel 2014 per\u00a0 PO FESR, PO FSE, PSR, POC e Patti per lo sviluppo, a meno di due anni dal 31 dicembre 2020, sono state spese poco pi\u00f9 del 10% delle risorse.<\/span><\/p>\n<p style=\"margin: 0cm;margin-bottom: .0001pt;background-image: initial\"><span style=\"font-family: 'Arial',sans-serif;color: #212121\">\u00a0<\/span><\/p>\n<p style=\"margin: 0cm;margin-bottom: .0001pt;background-image: initial\"><span style=\"font-family: 'Arial',sans-serif;color: #212121\">I motivi del ritardo, secondo le analisi di LabDem, risalgono ad una generale insufficienza di risorse umane qualificate nei diversi dipartimenti regionali, all\u2019instabilit\u00e0 politica delle amministrazioni regionali e comunali, col frequente turn-over di assessori dirigenti, e alle difficolt\u00e0 nella progettazione e nella gestione dei beneficiari, soprattutto dei comuni, ma in generale degli enti pubblici. Un problema a parte sono i grandi progetti infrastrutturali, che in tutti cicli di programmazione, hanno mostrato notevoli criticit\u00e0, spesso giudiziarie e finanziarie delle ditte appaltatrici.<br \/>\n<\/span><span style=\"background-image: initial\"><span style=\"font-family: 'Arial',sans-serif;color: #212121\">Secondo Piero David, nel breve periodo, per accelerare anche la spesa dei fondi strutturali, si potrebbe investire nella riqualificazione urbana e rurale con piccoli interventi diffusi nel territorio, coinvolgendo principalmente Enti Locali e Gal, per migliorare l&#8217;accessibilit\u00e0 e la fruibilit\u00e0 dei numerosi attrattori culturali presenti nel territorio siciliano. Tali misure, non prevedendo iter amministrativi complessi, ridarebbero respiro al settore delle costruzioni (dal quale provengono circa la met\u00e0 dei disoccupati dell&#8217;isola) ed aiuterebbero anche un settore in crescita come quello del turismo culturale ed identitario. <\/span><\/span><span style=\"font-family: 'Arial',sans-serif;color: #212121\">Nel lungo periodo la strada da seguire \u00e8 necessariamente quella di una innovazione strutturale del modello di sviluppo del Mezzogiorno che rafforzi il proprio tessuto imprenditoriale e lo renda competitivo nei mercati internazionali.<\/span><\/p>\n<p style=\"margin: 0cm;margin-bottom: .0001pt;background-image: initial\"><span style=\"background-image: initial\"><span style=\"font-family: 'Arial',sans-serif;color: #212121\">\u00a0<\/span><\/span><\/p>\n<p style=\"margin: 0cm;margin-bottom: .0001pt;background-image: initial\"><span style=\"background-image: initial\"><span style=\"font-family: 'Arial',sans-serif;color: #212121\">&#8220;<em>Va pensato e costruito un nuovo modello di sviluppo per le regioni meridionali basato su un\u2019economia competitiva che valorizzi le risorse che i territori del sud naturalmente possiedono,<\/em> &#8211; si legge in una nota diramata dal Pd di Messina &#8211;<em> e che modernizzi l&#8217;apparato industriale specializzandolo su produzioni ad elevato valore aggiunto (farmaceutico, energetico, produzioni multimediali) e in quelli dove si posseggono materie prime non riproducibili in altri contesti (cultura, turismo, agroalimentare), unica condizione per competere nel mercato internazionale non su prezzi e salari, ma valorizzando risorse proprie non riproducibili in altri contesti. <\/em><\/span><\/span><span style=\"background-image: initial\"><span style=\"font-family: 'Arial',sans-serif;color: #212121\"><em>Contemporaneamente \u00e8 necessario investire in maniera pi\u00f9 efficace nelle infrastrutture materiali (strade, ferrovie, scuole, riqualificazione ambientale) e immateriali (conoscenza &#8211; istruzione, formazione, ricerca) fondamentali per lo sviluppo, utilizzando efficientemente le notevoli risorse dei fondi strutturali ancora non spese e programmando, secondo una strategia di sviluppo che segua tali linee di intervento, le ulteriori risorse previste dal nuovo ciclo di programmazione Europa 2020<\/em>&#8220;.<\/span><\/span><\/p>\n","protected":false},"excerpt":{"rendered":"<p>Dieci miliardi di produzione in meno e 150 mila di disoccupati in pi\u00f9, specie con riferimento al settore delle costruzioni. \u00c8 questa l\u2019impietosa fotografia della Sicilia a poco pi\u00f9 di dieci anni di distanza dalla Grande Recessione, confermando di fatto che nel nostro Paese esistono due Italie che viaggiano a due differenti velocit\u00e0. I dati [&hellip;]<\/p>\n","protected":false},"author":8,"featured_media":31480,"comment_status":"closed","ping_status":"open","sticky":false,"template":"","format":"standard","meta":{"ub_ctt_via":"","_mi_skip_tracking":false},"categories":[11],"tags":[],"featured_image_src":"https:\/\/www.messinaoggi.it\/website\/wp-content\/uploads\/2019\/04\/crisi-economica.jpg","author_info":{"display_name":"red..me","author_link":"https:\/\/www.messinaoggi.it\/website\/author\/redstage\/"},"digistream_id":0,"digistream":false,"_links":{"self":[{"href":"https:\/\/www.messinaoggi.it\/website\/wp-json\/wp\/v2\/posts\/31475"}],"collection":[{"href":"https:\/\/www.messinaoggi.it\/website\/wp-json\/wp\/v2\/posts"}],"about":[{"href":"https:\/\/www.messinaoggi.it\/website\/wp-json\/wp\/v2\/types\/post"}],"author":[{"embeddable":true,"href":"https:\/\/www.messinaoggi.it\/website\/wp-json\/wp\/v2\/users\/8"}],"replies":[{"embeddable":true,"href":"https:\/\/www.messinaoggi.it\/website\/wp-json\/wp\/v2\/comments?post=31475"}],"version-history":[{"count":0,"href":"https:\/\/www.messinaoggi.it\/website\/wp-json\/wp\/v2\/posts\/31475\/revisions"}],"wp:featuredmedia":[{"embeddable":true,"href":"https:\/\/www.messinaoggi.it\/website\/wp-json\/wp\/v2\/media\/31480"}],"wp:attachment":[{"href":"https:\/\/www.messinaoggi.it\/website\/wp-json\/wp\/v2\/media?parent=31475"}],"wp:term":[{"taxonomy":"category","embeddable":true,"href":"https:\/\/www.messinaoggi.it\/website\/wp-json\/wp\/v2\/categories?post=31475"},{"taxonomy":"post_tag","embeddable":true,"href":"https:\/\/www.messinaoggi.it\/website\/wp-json\/wp\/v2\/tags?post=31475"}],"curies":[{"name":"wp","href":"https:\/\/api.w.org\/{rel}","templated":true}]}}