{"id":31459,"date":"2019-04-12T08:41:24","date_gmt":"2019-04-12T06:41:24","guid":{"rendered":"http:\/\/www.messinaoggi.it\/website\/?p=31459"},"modified":"2019-04-12T08:41:24","modified_gmt":"2019-04-12T06:41:24","slug":"dissesto-nel-iv-quartiere-programmato-intervento-della-regione","status":"publish","type":"post","link":"https:\/\/www.messinaoggi.it\/website\/2019\/04\/12\/dissesto-nel-iv-quartiere-programmato-intervento-della-regione\/","title":{"rendered":"Dissesto nel IV Quartiere, programmato intervento della Regione"},"content":{"rendered":"<p style=\"text-align: justify;\">Programmato dalla Regione un intervento nell&#8217;area compresa tra le vie Noviziato Casazza, Sciva e viale Italia che presenta pericolosi segnali di dissesto. Ne d\u00e0 notizia il presidente della Regione Siciliana Nello Musumeci, in qualit\u00e0 di commissario di governo dell&#8217;ufficio contro il dissesto idrogeologico, struttura diretta da Maurizio Croce. Svariati fenomeni di dissesto sono infatti presenti nella zona e in modo evidente.<div id=\"div-gpt-ad-Messinaoggi.it-DSK-300x250-corpoart\" style=\"text-align:center;margin:0 auto;\"><\/div><\/p>\n<p style=\"text-align: justify;\">Sia nelle lesioni sulle murature portanti, che si sono formate in seguito a cedimenti delle fondazioni, sia nelle opere di sostegno a monte e a valle di viale Italia. Le opere che la progettazione &#8211; per un importo di gara di 136 mila euro &#8211; dovr\u00e0 prevedere sono relative al versante in frana e al ripristino delle condizioni di sicurezza per gli edifici e per la viabilit\u00e0 principale, oltre che per la rete di sottoservizi e dell&#8217;acquedotto comunale.<div id=\"videoincontent\" style=\"clear:both\";><\/div><\/p>\n<p style=\"text-align: justify;\">Alle opere di consolidamento del versante, attraverso l&#8217;esecuzione di un sistema di palificazione collocate a profondit\u00e0 maggiori, si aggiunger\u00e0 la regimentazione delle acque superficiali. L&#8217;intervento, una volta effettuato, eliminer\u00e0 il progressivo scivolamento verso valle (12 millimetri l&#8217;anno) del manto stradale, che risulta ancora pi\u00f9 preoccupante perch\u00e9 rilevato nelle vicinanze di una scalinata &#8211; che collega viale Italia con via Noviziato Casazza &#8211; che nel recente passato \u00e8 stata chiusa al transito pedonale per motivi di sicurezza.<\/p>\n","protected":false},"excerpt":{"rendered":"<p>Programmato dalla Regione un intervento nell&#8217;area compresa tra le vie Noviziato Casazza, Sciva e viale Italia che presenta pericolosi segnali di dissesto. Ne d\u00e0 notizia il presidente della Regione Siciliana Nello Musumeci, in qualit\u00e0 di commissario di governo dell&#8217;ufficio contro il dissesto idrogeologico, struttura diretta da Maurizio Croce. Svariati fenomeni di dissesto sono infatti presenti [&hellip;]<\/p>\n","protected":false},"author":2,"featured_media":29342,"comment_status":"closed","ping_status":"open","sticky":false,"template":"","format":"standard","meta":{"ub_ctt_via":"","_mi_skip_tracking":false},"categories":[6],"tags":[],"featured_image_src":"https:\/\/www.messinaoggi.it\/website\/wp-content\/uploads\/2019\/02\/s.-agata-di-militello-frana-contrada-oliva.jpg","author_info":{"display_name":"Redazione","author_link":"https:\/\/www.messinaoggi.it\/website\/author\/redazione\/"},"digistream_id":0,"digistream":false,"_links":{"self":[{"href":"https:\/\/www.messinaoggi.it\/website\/wp-json\/wp\/v2\/posts\/31459"}],"collection":[{"href":"https:\/\/www.messinaoggi.it\/website\/wp-json\/wp\/v2\/posts"}],"about":[{"href":"https:\/\/www.messinaoggi.it\/website\/wp-json\/wp\/v2\/types\/post"}],"author":[{"embeddable":true,"href":"https:\/\/www.messinaoggi.it\/website\/wp-json\/wp\/v2\/users\/2"}],"replies":[{"embeddable":true,"href":"https:\/\/www.messinaoggi.it\/website\/wp-json\/wp\/v2\/comments?post=31459"}],"version-history":[{"count":0,"href":"https:\/\/www.messinaoggi.it\/website\/wp-json\/wp\/v2\/posts\/31459\/revisions"}],"wp:featuredmedia":[{"embeddable":true,"href":"https:\/\/www.messinaoggi.it\/website\/wp-json\/wp\/v2\/media\/29342"}],"wp:attachment":[{"href":"https:\/\/www.messinaoggi.it\/website\/wp-json\/wp\/v2\/media?parent=31459"}],"wp:term":[{"taxonomy":"category","embeddable":true,"href":"https:\/\/www.messinaoggi.it\/website\/wp-json\/wp\/v2\/categories?post=31459"},{"taxonomy":"post_tag","embeddable":true,"href":"https:\/\/www.messinaoggi.it\/website\/wp-json\/wp\/v2\/tags?post=31459"}],"curies":[{"name":"wp","href":"https:\/\/api.w.org\/{rel}","templated":true}]}}