{"id":31434,"date":"2019-04-11T17:17:39","date_gmt":"2019-04-11T15:17:39","guid":{"rendered":"http:\/\/www.messinaoggi.it\/website\/?p=31434"},"modified":"2019-04-11T17:17:39","modified_gmt":"2019-04-11T15:17:39","slug":"il-teatro-vittorio-emanuele-ospita-il-vernissage-dal-titolo-della-terra-degli-abissi-ed-altri-mondi","status":"publish","type":"post","link":"https:\/\/www.messinaoggi.it\/website\/2019\/04\/11\/il-teatro-vittorio-emanuele-ospita-il-vernissage-dal-titolo-della-terra-degli-abissi-ed-altri-mondi\/","title":{"rendered":"Il Teatro Vittorio Emanuele ospita il vernissage dal titolo Della terra, degli abissi ed altri mondi"},"content":{"rendered":"<p>Sta riscuotendo grande successo il vernissage delle pittrici <strong>Dania Mondello e Lidia Muscolino<\/strong>, dal titolo <strong>\u201cDella terra, degli abissi ed altri mondi\u201d<\/strong> in pieno svolgimento nei saloni espositivi del Teatro Vittorio Emanuele di Messina. L\u2019evento, che\u00a0<strong>si concluder\u00e0 marted\u00ec 16 aprile<\/strong>, si compone di 29 opere di cui 1 dipinta a quattro mani, 13 di Dania Mondello e 15 quadri di Lidia Muscolino.<br \/>\nIl tema dominante \u00e8 racchiuso nel titolo della mostra: le tele come \u201cNostos\u201d, il personaggio del dipinto a quattro mani, rievocano un percorso interiore che dall\u2019inconscio (gli abissi) risale verso la realt\u00e0 (la terra) e si spinge pi\u00f9 in alto alla ricerca della conoscenza e della verit\u00e0 (altri mondi).<br \/>\n<img loading=\"lazy\" class=\"alignnone size-medium wp-image-31436\" src=\"http:\/\/www.messinaoggi.it\/website\/wp-content\/uploads\/2019\/04\/Mondello-900x470-300x157.jpg\" alt=\"\" width=\"300\" height=\"157\" \/><br \/>\n<strong>Lidia Muscolino\u00a0<\/strong>\u00e8 nata ad Antillo (ME) ed ha vissuto a Roma dove si \u00e8 formata artisticamente nella bottega del pittore polaco Pirkoski. Cofondatrice del gruppo artistico \u201cAgaveblu\u201d ha al suo attivo numerose mostre d\u2019arte in Italia e all\u2019estero.<br \/>\n<strong>Dania Mondello,<\/strong> \u00a0figlia di Lidia Muscolino, ha conseguito il Diploma Universitario di Operatore dei beni Culturali con indirizzo archeologico presso la facolt\u00e0 di Lettere e Filosofia di Messina, successivamente si laurea presso l\u2019Universit\u00e0 degli studi di Firenze. Dopo la laurea frequenta l\u2019Accademia delle Belle Arti Mediterranea conseguendo la laurea in Arti Visive e Discipline dello Spettacolo con indirizzo Decorazione. Fa parte dell\u2019equipe di artisti che dipinge i Supereroi DC Comics sulle fiancate delle navi Tirrenia.<br \/>\nLa mostra potr\u00e0 essere visitata tutti i giorni, escluso il luned\u00ec, fino al 16 aprile dalle ore 10.00 alle ore 13.00 e poi dalle 16.00 alle 19.00.<br \/>\n <div id=\"div-gpt-ad-Messinaoggi.it-DSK-300x250-corpoart\" style=\"text-align:center;margin:0 auto;\"><\/div><\/p>\n<div id=\"videoincontent\" style=\"clear:both\";><\/div>","protected":false},"excerpt":{"rendered":"<p>Sta riscuotendo grande successo il vernissage delle pittrici Dania Mondello e Lidia Muscolino, dal titolo \u201cDella terra, degli abissi ed altri mondi\u201d in pieno svolgimento nei saloni espositivi del Teatro Vittorio Emanuele di Messina. L\u2019evento, che\u00a0si concluder\u00e0 marted\u00ec 16 aprile, si compone di 29 opere di cui 1 dipinta a quattro mani, 13 di Dania [&hellip;]<\/p>\n","protected":false},"author":5,"featured_media":31435,"comment_status":"closed","ping_status":"open","sticky":false,"template":"","format":"standard","meta":{"ub_ctt_via":"","_mi_skip_tracking":false},"categories":[16],"tags":[],"featured_image_src":"https:\/\/www.messinaoggi.it\/website\/wp-content\/uploads\/2019\/04\/Da-sin-La-Motta-Muscolino-Mondello-1.jpeg","author_info":{"display_name":"Maria Antonella Saia","author_link":"https:\/\/www.messinaoggi.it\/website\/author\/m-saia\/"},"digistream_id":0,"digistream":false,"_links":{"self":[{"href":"https:\/\/www.messinaoggi.it\/website\/wp-json\/wp\/v2\/posts\/31434"}],"collection":[{"href":"https:\/\/www.messinaoggi.it\/website\/wp-json\/wp\/v2\/posts"}],"about":[{"href":"https:\/\/www.messinaoggi.it\/website\/wp-json\/wp\/v2\/types\/post"}],"author":[{"embeddable":true,"href":"https:\/\/www.messinaoggi.it\/website\/wp-json\/wp\/v2\/users\/5"}],"replies":[{"embeddable":true,"href":"https:\/\/www.messinaoggi.it\/website\/wp-json\/wp\/v2\/comments?post=31434"}],"version-history":[{"count":0,"href":"https:\/\/www.messinaoggi.it\/website\/wp-json\/wp\/v2\/posts\/31434\/revisions"}],"wp:featuredmedia":[{"embeddable":true,"href":"https:\/\/www.messinaoggi.it\/website\/wp-json\/wp\/v2\/media\/31435"}],"wp:attachment":[{"href":"https:\/\/www.messinaoggi.it\/website\/wp-json\/wp\/v2\/media?parent=31434"}],"wp:term":[{"taxonomy":"category","embeddable":true,"href":"https:\/\/www.messinaoggi.it\/website\/wp-json\/wp\/v2\/categories?post=31434"},{"taxonomy":"post_tag","embeddable":true,"href":"https:\/\/www.messinaoggi.it\/website\/wp-json\/wp\/v2\/tags?post=31434"}],"curies":[{"name":"wp","href":"https:\/\/api.w.org\/{rel}","templated":true}]}}