{"id":3143,"date":"2017-06-20T11:46:47","date_gmt":"2017-06-20T09:46:47","guid":{"rendered":"http:\/\/www.messinaoggi.it\/website\/?p=3143"},"modified":"2017-06-20T11:46:47","modified_gmt":"2017-06-20T09:46:47","slug":"la-galleria-darte-lucio-barbera-ospita-la-festa-della-musica","status":"publish","type":"post","link":"https:\/\/www.messinaoggi.it\/website\/2017\/06\/20\/la-galleria-darte-lucio-barbera-ospita-la-festa-della-musica\/","title":{"rendered":"La Galleria d&#039;Arte &quot;Lucio Barbera&quot; ospita la Festa della Musica"},"content":{"rendered":"<p style=\"text-align: justify\">Estate. La voglia di musica \u00e8 gi\u00e0 nell\u2019aria! Domani, infatti, a partire dalle ore 18.30, nei locali della Galleria d\u2019Arte Lucio Barbera prender\u00e0 il via l&#8217;edizione 2017 della Festa della Musica che vedr\u00e0 protagonista la Citt\u00e0 Metropolitana di Messina, in collaborazione con il Conservatorio \u201cArcangelo Corelli&#8221;.<div id=\"div-gpt-ad-Messinaoggi.it-DSK-300x250-corpoart\" style=\"text-align:center;margin:0 auto;\"><\/div><\/p>\n<p style=\"text-align: justify\">L&#8217;iniziativa \u00e8 organizzata per celebrare il solstizio d\u2019estate e, cos\u00ec come avviene in tutta Europa, coinvolge in maniera organica l\u2019Italia intera trasmettendo quel messaggio di cultura, partecipazione, integrazione, armonia e universalit\u00e0 che solo la musica riesce a dare.<div id=\"videoincontent\" style=\"clear:both\";><\/div><\/p>\n<p style=\"text-align: justify\">Oltre novemila eventi nelle piazze, nelle strade, nei parchi, nei musei, nei luoghi di culto, nelle carceri, nelle ambasciate, negli ospedali, nei centri di cultura, nelle stazioni ferroviarie, negli aeroporti e nelle metropolitane di 511 citt\u00e0 e borghi italiani e 41 sedi diplomatiche all\u2019estero. L\u2019iniziativa \u00e8 promossa dal Ministero dei Beni e delle Attivit\u00e0 Culturali e del Turismo, dalla SIAE, e dall\u2019Associazione italiana per la promozione della Festa della Musica, in collaborazione con l\u2019Anci, l\u2019Unpli, la Conferenza delle Regioni, il Ministero dell\u2019Istruzione, dell\u2019Universit\u00e0 e della Ricerca, il Ministero degli Affari Esteri e della Cooperazione internazionale, il Ministero della Salute, il Ministero della Difesa e quello della Giustizia. Media partner dell\u2019evento \u00e8 Rai Radio 3; l\u2019edizione 2017 vede la collaborazione di Carrefour Market. L\u2019evento sar\u00e0 costituito da \u00a0un programma musicale molto ricco\u00a0 che vedr\u00e0 impegnati i musicisti Marco Z\u00e0ppia al Pianoforte, Leonardo Longo al Clarinetto, Claudio Faranda al Flauto e Rosario De Gaetano alla Chitarra che proporranno al\u00a0 un repertorio musicale molto raffinato\u00a0 basato su; F.Poulenc: sonata per flauto e pianoforte B.Martinu: sonatina per clarinetto in Sib e pianoforte Pianoforte: C.Debussy: Studio n. 11 sugli Arpeggi composti. F.Liszt: fantasia sui motivi di Rienzi; Giochi d&#8217;Acqua a Villa d&#8217;Este Chitarra: J.S.Bach dalla suite bwv996 \u201cpreludio e presto\u201d; Joaquin Turina: Fandanguillo, \u00a0Augustin Barrios: la Catedral.<\/p>\n<p style=\"text-align: justify\">Un evento da non perdere per essere avvolti \u00a0\u00a0dalla buona musica e ritrovare il piacere di stare insieme in totale armonia.<\/p>\n","protected":false},"excerpt":{"rendered":"<p>Estate. La voglia di musica \u00e8 gi\u00e0 nell\u2019aria! Domani, infatti, a partire dalle ore 18.30, nei locali della Galleria d\u2019Arte Lucio Barbera prender\u00e0 il via l&#8217;edizione 2017 della Festa della Musica che vedr\u00e0 protagonista la Citt\u00e0 Metropolitana di Messina, in collaborazione con il Conservatorio \u201cArcangelo Corelli&#8221;. L&#8217;iniziativa \u00e8 organizzata per celebrare il solstizio d\u2019estate e, [&hellip;]<\/p>\n","protected":false},"author":5,"featured_media":3144,"comment_status":"closed","ping_status":"open","sticky":false,"template":"","format":"standard","meta":{"ub_ctt_via":"","_mi_skip_tracking":false},"categories":[17],"tags":[],"featured_image_src":"https:\/\/www.messinaoggi.it\/website\/wp-content\/uploads\/2017\/06\/Festa-della-Musica-locandina-2.jpg","author_info":{"display_name":"Maria Antonella Saia","author_link":"https:\/\/www.messinaoggi.it\/website\/author\/m-saia\/"},"digistream_id":0,"digistream":false,"_links":{"self":[{"href":"https:\/\/www.messinaoggi.it\/website\/wp-json\/wp\/v2\/posts\/3143"}],"collection":[{"href":"https:\/\/www.messinaoggi.it\/website\/wp-json\/wp\/v2\/posts"}],"about":[{"href":"https:\/\/www.messinaoggi.it\/website\/wp-json\/wp\/v2\/types\/post"}],"author":[{"embeddable":true,"href":"https:\/\/www.messinaoggi.it\/website\/wp-json\/wp\/v2\/users\/5"}],"replies":[{"embeddable":true,"href":"https:\/\/www.messinaoggi.it\/website\/wp-json\/wp\/v2\/comments?post=3143"}],"version-history":[{"count":0,"href":"https:\/\/www.messinaoggi.it\/website\/wp-json\/wp\/v2\/posts\/3143\/revisions"}],"wp:featuredmedia":[{"embeddable":true,"href":"https:\/\/www.messinaoggi.it\/website\/wp-json\/wp\/v2\/media\/3144"}],"wp:attachment":[{"href":"https:\/\/www.messinaoggi.it\/website\/wp-json\/wp\/v2\/media?parent=3143"}],"wp:term":[{"taxonomy":"category","embeddable":true,"href":"https:\/\/www.messinaoggi.it\/website\/wp-json\/wp\/v2\/categories?post=3143"},{"taxonomy":"post_tag","embeddable":true,"href":"https:\/\/www.messinaoggi.it\/website\/wp-json\/wp\/v2\/tags?post=3143"}],"curies":[{"name":"wp","href":"https:\/\/api.w.org\/{rel}","templated":true}]}}