{"id":3142,"date":"2017-06-20T12:15:06","date_gmt":"2017-06-20T10:15:06","guid":{"rendered":"http:\/\/www.messinaoggi.it\/website\/?p=3142"},"modified":"2017-06-20T12:15:06","modified_gmt":"2017-06-20T10:15:06","slug":"salvatore-settis-in-visita-al-mume-stupore-ed-ammirazione-per-il-percorso-storico","status":"publish","type":"post","link":"https:\/\/www.messinaoggi.it\/website\/2017\/06\/20\/salvatore-settis-in-visita-al-mume-stupore-ed-ammirazione-per-il-percorso-storico\/","title":{"rendered":"Salvatore Settis in visita al MuMe, stupore ed ammirazione per il percorso storico"},"content":{"rendered":"<p>L\u2019archeologo e storico d\u2019arte <strong>Salvatore Settis<\/strong> ha visitato ieri, il MuMe, il Museo Interdisciplinare Regionale di Messina, aperto in via eccezionale a causa della chiusura settimanale come ogni luned\u00ec. Nella sua visita al museo \u00e8 stato accompagnato dall&#8217;assessore del Comune di Messina, ing. Sergio De Cola ed \u00e8 stato accolto dalla direttrice Caterina Di Giacomo che lo ha guidato presso il percorso artistico, \u00a0affiancata dai dirigenti Grazia Musolino e Rosario Vilardo.<br \/>\nSettis \u00e8 stato entusiasta ed ha mostrato stupore dinanzi al nuovo e ampio percorso espositivo del MuMe, con opere che vanno dall&#8217;archeologia, fino alle soglie del ventesimo secolo.<br \/>\n\u201cSensazionale \u2013 ha pi\u00f9 volte ripetuto lo studioso \u2013 un museo di grande statura che finalmente rappresenta l\u2019importanza e la grandezza della citt\u00e0 di Messina\u201d.<br \/>\nSettis, ha inoltre elogiato la cura dei dettagli espositivi, gli ampi spazi riservati ad Antonello e Caravaggio, i cui capolavori sono ora degnamente introdotti, la presenza di straordinari manufatti lapidei medievali, il maestoso Crocefisso ligneo policromo degli inizi del XV secolo, le selezioni straordinaria di icone, tessuti e prodotti di ebanisteria, i sorprendenti settori dedicati all\u2019Ottocento fino alla commovente veduta del Duomo di Messina di Luigi Di Giovanni (1891) proprio a ridosso di quel terremoto che, come dimostra la qualit\u00e0 e quantit\u00e0 di materiali esposti al Museo, non \u00e8 riuscito a cancellare la straordinaria storia culturale e artistica della citt\u00e0.<div id=\"div-gpt-ad-Messinaoggi.it-DSK-300x250-corpoart\" style=\"text-align:center;margin:0 auto;\"><\/div><\/p>\n<p style=\"text-align: right\">\u00a0Valentina Salvo<div id=\"videoincontent\" style=\"clear:both\";><\/div><\/p>\n","protected":false},"excerpt":{"rendered":"<p>L\u2019archeologo e storico d\u2019arte Salvatore Settis ha visitato ieri, il MuMe, il Museo Interdisciplinare Regionale di Messina, aperto in via eccezionale a causa della chiusura settimanale come ogni luned\u00ec. Nella sua visita al museo \u00e8 stato accompagnato dall&#8217;assessore del Comune di Messina, ing. Sergio De Cola ed \u00e8 stato accolto dalla direttrice Caterina Di Giacomo [&hellip;]<\/p>\n","protected":false},"author":8,"featured_media":3146,"comment_status":"closed","ping_status":"open","sticky":false,"template":"","format":"standard","meta":{"ub_ctt_via":"","_mi_skip_tracking":false},"categories":[16],"tags":[],"featured_image_src":"https:\/\/www.messinaoggi.it\/website\/wp-content\/uploads\/2017\/06\/Settis-2.jpg","author_info":{"display_name":"red..me","author_link":"https:\/\/www.messinaoggi.it\/website\/author\/redstage\/"},"digistream_id":0,"digistream":false,"_links":{"self":[{"href":"https:\/\/www.messinaoggi.it\/website\/wp-json\/wp\/v2\/posts\/3142"}],"collection":[{"href":"https:\/\/www.messinaoggi.it\/website\/wp-json\/wp\/v2\/posts"}],"about":[{"href":"https:\/\/www.messinaoggi.it\/website\/wp-json\/wp\/v2\/types\/post"}],"author":[{"embeddable":true,"href":"https:\/\/www.messinaoggi.it\/website\/wp-json\/wp\/v2\/users\/8"}],"replies":[{"embeddable":true,"href":"https:\/\/www.messinaoggi.it\/website\/wp-json\/wp\/v2\/comments?post=3142"}],"version-history":[{"count":0,"href":"https:\/\/www.messinaoggi.it\/website\/wp-json\/wp\/v2\/posts\/3142\/revisions"}],"wp:featuredmedia":[{"embeddable":true,"href":"https:\/\/www.messinaoggi.it\/website\/wp-json\/wp\/v2\/media\/3146"}],"wp:attachment":[{"href":"https:\/\/www.messinaoggi.it\/website\/wp-json\/wp\/v2\/media?parent=3142"}],"wp:term":[{"taxonomy":"category","embeddable":true,"href":"https:\/\/www.messinaoggi.it\/website\/wp-json\/wp\/v2\/categories?post=3142"},{"taxonomy":"post_tag","embeddable":true,"href":"https:\/\/www.messinaoggi.it\/website\/wp-json\/wp\/v2\/tags?post=3142"}],"curies":[{"name":"wp","href":"https:\/\/api.w.org\/{rel}","templated":true}]}}