{"id":31306,"date":"2019-04-09T09:34:18","date_gmt":"2019-04-09T07:34:18","guid":{"rendered":"http:\/\/www.messinaoggi.it\/website\/?p=31306"},"modified":"2019-04-09T09:34:18","modified_gmt":"2019-04-09T07:34:18","slug":"navarra-e-de-domenico-in-soccorso-di-nemo-sud","status":"publish","type":"post","link":"https:\/\/www.messinaoggi.it\/website\/2019\/04\/09\/navarra-e-de-domenico-in-soccorso-di-nemo-sud\/","title":{"rendered":"Navarra e De Domenico in &quot;soccorso&quot; di Nemo Sud"},"content":{"rendered":"<p>Sulla vicenda &#8220;Nemo Sud&#8221; sono intervenuti i parlamentari messinesi del Pd. <strong>Pietro Navarra<\/strong> definisce attacchi di natura odiosa.<div id=\"div-gpt-ad-Messinaoggi.it-DSK-300x250-corpoart\" style=\"text-align:center;margin:0 auto;\"><\/div><\/p>\n<p class=\"p1\"><span class=\"s1\">&#8220;In relazione all\u2019iniziativa parlamentare di un gruppo di Senatori M5S, esprimo, da parlamentare e da ex rettore dell\u2019Universit\u00e0 di Messina, un fermo sostegno al Centro Nemo Sud, un esempio di fruttuosa combinazione di assistenza e ricerca che ha dato risposte concrete a chi, con speranza, si \u00e8 rivolto al personale sanitario della struttura&#8221;. Lo ha detto Pietro Navarra, Deputato nazionale del Partito Democratico.\u00a0<\/span><div id=\"videoincontent\" style=\"clear:both\";><\/div><\/p>\n<p class=\"p1\"><span class=\"s1\">&#8220;Da qualunque parte vengano &#8211; ha affermato Navarra &#8211; gli attacchi sono il frutto di una odiosa sottocultura, intrisa di invidie e complessi di inferiorit\u00e0, che si scaglia contro ci\u00f2 che funziona&#8221;.\u00a0<\/span><\/p>\n<p class=\"p1\"><span class=\"s1\">&#8220;Sono sorpreso che ci siano parlamentari della Repubblica che si prestino per dare sfogo a queste bassezze. Tra l\u2019altro &#8211; ha proseguito &#8211; basterebbe consultare gli atti per comprendere come determinate sottolineature contenute nel documento siano del tutto errate. N\u00e9, all\u2019interno dello stesso documento, sono citate tutte le certificazioni (da parte di numerosi enti di natura istituzionale e scientifica) che l\u2019attivit\u00e0, svolta dall\u2019A.O.U. Policlinico e dal Nemo Sud, riceve costantemente, a conferma dello spessore delle prestazioni erogate&#8221;.<\/span><\/p>\n<p class=\"p1\"><span class=\"s1\">&#8220;Esprimo piena fiducia e solidariet\u00e0 ai vertici dell\u2019Azienda Ospedaliera Universitaria, agli amministratori della Fondazione Aurora e a tutti i medici e agli operatori sanitari che &#8211; ha concluso il Parlamentare del PD &#8211; a ogni livello, permettono al Centro Nemo di svolgere con professionalit\u00e0 e dedizione le proprie attivit\u00e0&#8221;. Conclude il deputato del Pd.<\/span><\/p>\n<p><strong>Franco De Domenico<\/strong>, parlamentare regionale del Pd, si mette a disposizione per predisporre un&#8217;audizione in Commissione Sanit\u00e0. &#8220;<span class=\"s1\">Mi impegner\u00f2 nel mio ruolo di segretario della Commissione Sanit\u00e0 per dare una concreta risposta alla richiesta formulata dal Rettore dell\u2019Universita degli Studi di Messina, prof. Salvatore Cuzzocrea e dal Commissario straordinario dell\u2019AOU Policlinico \u201cG. Martino\u201d, dott. Giuseppe Laganga, credo sia fondamentale che nel pi\u00f9 breve tempo possibile la Commissione Sanit\u00e0 dell\u2019Ars debba consentire un\u2019audizione ai responsabili del progetto Nemo Sud. Ci\u00f2 perch\u00e9 nessuna ombra possa venire proiettata su un\u2019attivit\u00e0, quella svolta a favore dei malati di patologie che provocano enormi sofferenze (la SLA, ad esempio), che come pi\u00f9 volte riscontrato anche dall\u2019Assessorato regionale alla Sanit\u00e0 rappresenta un assoluto punto di riferimento per la Sicilia.<\/span><\/p>\n<p class=\"p1\"><span class=\"s1\">L\u2019iniziativa di un gruppo di parlamentari del M5S\u00a0 (non messinesi) ha messo in moto una serie di voci e illazioni, puntualmente smentite dagli atti. Nel manifestare piena solidariet\u00e0 alle donne e agli uomini di Nemo Sud, ai pazienti ed ai loro familiari, contribuir\u00f2, insieme ai colleghi della commissione, a porre in essere tutte le attivit\u00e0 che competono al mio ruolo per far s\u00ec che venga immediatamente fugato ogni dubbio. Allo stesso tempo esprimo sconcerto di fronte all\u2019agire di chi, ricoprendo incarichi politici, ritiene che possa \u201csparare nel mucchio\u201d, nascondendosi dietro la propria carica, senza comprendere appieno i danni che determinate iniziative possono causare, consapevole che il diritto alla salute non pu\u00f2 soggiacere n\u00e8 a personalismi n\u00e8 a faziosit\u00e0 politiche.<\/span><\/p>\n","protected":false},"excerpt":{"rendered":"<p>Sulla vicenda &#8220;Nemo Sud&#8221; sono intervenuti i parlamentari messinesi del Pd. Pietro Navarra definisce attacchi di natura odiosa. &#8220;In relazione all\u2019iniziativa parlamentare di un gruppo di Senatori M5S, esprimo, da parlamentare e da ex rettore dell\u2019Universit\u00e0 di Messina, un fermo sostegno al Centro Nemo Sud, un esempio di fruttuosa combinazione di assistenza e ricerca che [&hellip;]<\/p>\n","protected":false},"author":2,"featured_media":17750,"comment_status":"closed","ping_status":"open","sticky":false,"template":"","format":"standard","meta":{"ub_ctt_via":"","_mi_skip_tracking":false},"categories":[4],"tags":[],"featured_image_src":"https:\/\/www.messinaoggi.it\/website\/wp-content\/uploads\/2018\/04\/de-domenico-franco-navarra-pietro-presentazione-candidatura-800x444-messinaoggiMarcyR-1.jpg","author_info":{"display_name":"Redazione","author_link":"https:\/\/www.messinaoggi.it\/website\/author\/redazione\/"},"digistream_id":0,"digistream":false,"_links":{"self":[{"href":"https:\/\/www.messinaoggi.it\/website\/wp-json\/wp\/v2\/posts\/31306"}],"collection":[{"href":"https:\/\/www.messinaoggi.it\/website\/wp-json\/wp\/v2\/posts"}],"about":[{"href":"https:\/\/www.messinaoggi.it\/website\/wp-json\/wp\/v2\/types\/post"}],"author":[{"embeddable":true,"href":"https:\/\/www.messinaoggi.it\/website\/wp-json\/wp\/v2\/users\/2"}],"replies":[{"embeddable":true,"href":"https:\/\/www.messinaoggi.it\/website\/wp-json\/wp\/v2\/comments?post=31306"}],"version-history":[{"count":0,"href":"https:\/\/www.messinaoggi.it\/website\/wp-json\/wp\/v2\/posts\/31306\/revisions"}],"wp:featuredmedia":[{"embeddable":true,"href":"https:\/\/www.messinaoggi.it\/website\/wp-json\/wp\/v2\/media\/17750"}],"wp:attachment":[{"href":"https:\/\/www.messinaoggi.it\/website\/wp-json\/wp\/v2\/media?parent=31306"}],"wp:term":[{"taxonomy":"category","embeddable":true,"href":"https:\/\/www.messinaoggi.it\/website\/wp-json\/wp\/v2\/categories?post=31306"},{"taxonomy":"post_tag","embeddable":true,"href":"https:\/\/www.messinaoggi.it\/website\/wp-json\/wp\/v2\/tags?post=31306"}],"curies":[{"name":"wp","href":"https:\/\/api.w.org\/{rel}","templated":true}]}}