{"id":31304,"date":"2019-04-10T08:23:00","date_gmt":"2019-04-10T06:23:00","guid":{"rendered":"http:\/\/www.messinaoggi.it\/website\/?p=31304"},"modified":"2019-04-10T08:23:00","modified_gmt":"2019-04-10T06:23:00","slug":"policlinico-in-arrivo-gli-ispettori-ministeriali-per-nemo-sud","status":"publish","type":"post","link":"https:\/\/www.messinaoggi.it\/website\/2019\/04\/10\/policlinico-in-arrivo-gli-ispettori-ministeriali-per-nemo-sud\/","title":{"rendered":"Policlinico, in arrivo gli ispettori ministeriali per &quot;Nemo Sud&quot;?"},"content":{"rendered":"<p style=\"text-align: justify;\">Ormai \u00e8 diventato un caso nazionale. Al Ministero della Sanit\u00e0 non si parla d&#8217;altro se non della vicenda &#8220;Nemo Sud&#8221; del Policlinico di Messina,<div id=\"div-gpt-ad-Messinaoggi.it-DSK-300x250-corpoart\" style=\"text-align:center;margin:0 auto;\"><\/div><\/p>\n<p style=\"text-align: justify;\">Le dichiarazioni di alcuni parlamentare d&#8217;opposizione hanno fatto aumentare la temperatura di quello che si prefigura essere uno scontro politico avente come bersaglio i senatori del M5S, il cui atto ispettivo \u00e8 stato definito criminale.<div id=\"videoincontent\" style=\"clear:both\";><\/div><\/p>\n<p style=\"text-align: justify;\">Dichiarazioni che non sono servite ad allentare le tensioni ma che avrebbero spinto il ministro Giulia Grillo a spedire sulle rive dello Stretto gli ispettori ministeriali.<\/p>\n<p style=\"text-align: justify;\">Dicono a Roma che l&#8217;azione ministeriale non si limiter\u00e0 solo alla questione della &#8220;Nemo Sud&#8221;, diventato il pretesto per prendere di mira la Sanit\u00e0 messinese e, nello specifico, il Policlinico di Messina.<\/p>\n<p style=\"text-align: justify;\">Da fonti accreditate, si dice che il Policlinico sar\u00e0 rivoltato come un calzino. Il ministro Grillo intende affrontare di persona la questione Sanit\u00e0 a Messina, come fatto recentemente in Calabria dove si \u00e8 precipitata perch\u00e9, com&#8217;\u00e8 noto, \u00e8 tata sciolta un&#8217;Azienda sanitaria per inquinamento mafioso.<\/p>\n<p>Intanto, gioved\u00ec prossimo si terr\u00e0 una conferenza stampa al Policlinico: la terranno il rettore Salvatore Cuzzocrea e il commissario straordinario dell&#8217;azienda sanitaria, Giuseppe Laganga. Dopo il comunicato stampa di ieri avranno da aggiungere qualcos&#8217;altro sulla vicenda &#8220;Nemo Sud&#8221;.<\/p>\n","protected":false},"excerpt":{"rendered":"<p>Ormai \u00e8 diventato un caso nazionale. Al Ministero della Sanit\u00e0 non si parla d&#8217;altro se non della vicenda &#8220;Nemo Sud&#8221; del Policlinico di Messina, Le dichiarazioni di alcuni parlamentare d&#8217;opposizione hanno fatto aumentare la temperatura di quello che si prefigura essere uno scontro politico avente come bersaglio i senatori del M5S, il cui atto ispettivo [&hellip;]<\/p>\n","protected":false},"author":2,"featured_media":1364,"comment_status":"closed","ping_status":"open","sticky":false,"template":"","format":"standard","meta":{"ub_ctt_via":"","_mi_skip_tracking":false},"categories":[6],"tags":[],"featured_image_src":"https:\/\/www.messinaoggi.it\/website\/wp-content\/uploads\/2017\/06\/PoliclinicoMessina-2.jpg","author_info":{"display_name":"Redazione","author_link":"https:\/\/www.messinaoggi.it\/website\/author\/redazione\/"},"digistream_id":0,"digistream":false,"_links":{"self":[{"href":"https:\/\/www.messinaoggi.it\/website\/wp-json\/wp\/v2\/posts\/31304"}],"collection":[{"href":"https:\/\/www.messinaoggi.it\/website\/wp-json\/wp\/v2\/posts"}],"about":[{"href":"https:\/\/www.messinaoggi.it\/website\/wp-json\/wp\/v2\/types\/post"}],"author":[{"embeddable":true,"href":"https:\/\/www.messinaoggi.it\/website\/wp-json\/wp\/v2\/users\/2"}],"replies":[{"embeddable":true,"href":"https:\/\/www.messinaoggi.it\/website\/wp-json\/wp\/v2\/comments?post=31304"}],"version-history":[{"count":0,"href":"https:\/\/www.messinaoggi.it\/website\/wp-json\/wp\/v2\/posts\/31304\/revisions"}],"wp:featuredmedia":[{"embeddable":true,"href":"https:\/\/www.messinaoggi.it\/website\/wp-json\/wp\/v2\/media\/1364"}],"wp:attachment":[{"href":"https:\/\/www.messinaoggi.it\/website\/wp-json\/wp\/v2\/media?parent=31304"}],"wp:term":[{"taxonomy":"category","embeddable":true,"href":"https:\/\/www.messinaoggi.it\/website\/wp-json\/wp\/v2\/categories?post=31304"},{"taxonomy":"post_tag","embeddable":true,"href":"https:\/\/www.messinaoggi.it\/website\/wp-json\/wp\/v2\/tags?post=31304"}],"curies":[{"name":"wp","href":"https:\/\/api.w.org\/{rel}","templated":true}]}}