{"id":31247,"date":"2019-04-07T10:56:31","date_gmt":"2019-04-07T08:56:31","guid":{"rendered":"http:\/\/www.messinaoggi.it\/website\/?p=31247"},"modified":"2019-04-07T10:56:31","modified_gmt":"2019-04-07T08:56:31","slug":"caso-nemo-sud-todaro-fgu-gilda-unams-universita-si-faccia-chiarezza","status":"publish","type":"post","link":"https:\/\/www.messinaoggi.it\/website\/2019\/04\/07\/caso-nemo-sud-todaro-fgu-gilda-unams-universita-si-faccia-chiarezza\/","title":{"rendered":"Caso-Nemo Sud, Todaro (FGU Gilda Unams Universit\u00e0): &quot;Si faccia chiarezza&quot;"},"content":{"rendered":"<p style=\"text-align: justify;\">&#8220;La vicenda riguardante la convenzione tra AOU e Fondazione Aurora Onlus, per la realizzazione del progetto Nemo Sud, denunciata e apparsa sugli organi di stampa, mostra dei contorni piuttosto inquietanti e merita da subito, approfondimenti e chiarimenti da parte di tutti gli organi preposti, per due ordini di motivi: il primo perch\u00e9 interessa pazienti neurologici con gravi disabilit\u00e0, il secondo perch\u00e9 mostra fenomeni di tipo corruttivo che si agganciano ad altri episodi gi\u00e0 noti agli organi competenti e sui quali ancora si attendono risposte&#8221;.<div id=\"div-gpt-ad-Messinaoggi.it-DSK-300x250-corpoart\" style=\"text-align:center;margin:0 auto;\"><\/div><\/p>\n<p style=\"text-align: justify;\">Lo afferma Paolo Todaro, coordinatore della <strong>FGU Gilda Unams Dipartimento Universit\u00e0 di Messina,<\/strong> crede sia giunto il momento in cui ministri e assessori regionali competenti si assumano la responsabilit\u00e0 di inviare ispettori, per verificare quanto gi\u00e0 a loro conoscenza, al fine di accertare celermente eventuali responsabilit\u00e0 dei vertici aziendali e non lasciare ombre o dubbi sulla regolare attivit\u00e0 svolta quotidianamente all\u2019interno dell\u2019Azienda Policlinico.<div id=\"videoincontent\" style=\"clear:both\";><\/div><\/p>\n","protected":false},"excerpt":{"rendered":"<p>&#8220;La vicenda riguardante la convenzione tra AOU e Fondazione Aurora Onlus, per la realizzazione del progetto Nemo Sud, denunciata e apparsa sugli organi di stampa, mostra dei contorni piuttosto inquietanti e merita da subito, approfondimenti e chiarimenti da parte di tutti gli organi preposti, per due ordini di motivi: il primo perch\u00e9 interessa pazienti neurologici [&hellip;]<\/p>\n","protected":false},"author":2,"featured_media":17489,"comment_status":"closed","ping_status":"open","sticky":false,"template":"","format":"standard","meta":{"ub_ctt_via":"","_mi_skip_tracking":false},"categories":[6],"tags":[],"featured_image_src":"https:\/\/www.messinaoggi.it\/website\/wp-content\/uploads\/2018\/03\/paolo-todaro-messinaoggi-1.jpg","author_info":{"display_name":"Redazione","author_link":"https:\/\/www.messinaoggi.it\/website\/author\/redazione\/"},"digistream_id":0,"digistream":false,"_links":{"self":[{"href":"https:\/\/www.messinaoggi.it\/website\/wp-json\/wp\/v2\/posts\/31247"}],"collection":[{"href":"https:\/\/www.messinaoggi.it\/website\/wp-json\/wp\/v2\/posts"}],"about":[{"href":"https:\/\/www.messinaoggi.it\/website\/wp-json\/wp\/v2\/types\/post"}],"author":[{"embeddable":true,"href":"https:\/\/www.messinaoggi.it\/website\/wp-json\/wp\/v2\/users\/2"}],"replies":[{"embeddable":true,"href":"https:\/\/www.messinaoggi.it\/website\/wp-json\/wp\/v2\/comments?post=31247"}],"version-history":[{"count":0,"href":"https:\/\/www.messinaoggi.it\/website\/wp-json\/wp\/v2\/posts\/31247\/revisions"}],"wp:featuredmedia":[{"embeddable":true,"href":"https:\/\/www.messinaoggi.it\/website\/wp-json\/wp\/v2\/media\/17489"}],"wp:attachment":[{"href":"https:\/\/www.messinaoggi.it\/website\/wp-json\/wp\/v2\/media?parent=31247"}],"wp:term":[{"taxonomy":"category","embeddable":true,"href":"https:\/\/www.messinaoggi.it\/website\/wp-json\/wp\/v2\/categories?post=31247"},{"taxonomy":"post_tag","embeddable":true,"href":"https:\/\/www.messinaoggi.it\/website\/wp-json\/wp\/v2\/tags?post=31247"}],"curies":[{"name":"wp","href":"https:\/\/api.w.org\/{rel}","templated":true}]}}