{"id":31245,"date":"2019-04-07T10:38:32","date_gmt":"2019-04-07T08:38:32","guid":{"rendered":"http:\/\/www.messinaoggi.it\/website\/?p=31245"},"modified":"2019-04-07T10:38:32","modified_gmt":"2019-04-07T08:38:32","slug":"pd-provinciale-verso-la-conferenza-programmatica","status":"publish","type":"post","link":"https:\/\/www.messinaoggi.it\/website\/2019\/04\/07\/pd-provinciale-verso-la-conferenza-programmatica\/","title":{"rendered":"Pd provinciale verso la Conferenza programmatica"},"content":{"rendered":"<p class=\"p1\"><span class=\"s1\">La Direzione provinciale del PD, presieduta dal Presidente Mario Bolognari, con la partecipazione dei deputati On.Li Franco De Domenico e Pietro Navarra, si \u00e8 riunita il 5 aprile 2019, in una seduta molto partecipata, in cui il segretario Paolo Starvaggi ha trattato nella sua relazione i 4 punti all\u2019ordine del giorno, su cui poi si \u00e8 aperto il dibattitto.<\/span><div id=\"div-gpt-ad-Messinaoggi.it-DSK-300x250-corpoart\" style=\"text-align:center;margin:0 auto;\"><\/div><\/p>\n<p class=\"p1\"><span class=\"s1\">I punti trattati nella relazione e nell\u2019ordine del giorno sono stati quello della Situazione Politica, la Proposta Organizzativa per il rilancio del partito provinciale, il punto su Amministrative ed Europee e quello sugli Stati generali del partito calendati per il mese di Maggio 2019.<\/span><div id=\"videoincontent\" style=\"clear:both\";><\/div><\/p>\n<p class=\"p1\"><span class=\"s1\">La Direzione, iniziata alle 17.30 \u00e8 terminata alle 20.30, con le conclusioni del segretario che, anche alla luce dei numerosi interventi, ha comunicato che nella prossima direzione, che sar\u00e0 fissata subito dopo le amministrative, sar\u00e0 sottoposto all\u2019approvazione dell\u2019organismo di indirizzo politico del partito, un documento sulla Linea politica del PD nel Consiglio Comunale di Messina, una proposta di nomina del comitato di tesoreria e, se nelle more non si dovesse trovare una soluzione condivisa per la segreteria cittadina, il regolamento per il congresso cittadino della citt\u00e0 di Messina.<\/span><\/p>\n<p class=\"p1\"><span class=\"s1\">Inoltre il segretario ha dato la disponibilit\u00e0 a definire un nuovo assetto organizzativo del partito per una nuova e pi\u00f9 efficace fase politica legata ad una maggiore capacit\u00e0 di ascolto dei territori e delle proposte di sviluppo delle nostre citt\u00e0.<\/span><\/p>\n<p class=\"p1\"><span class=\"s1\">Si \u00e8 convenuto di attivare l\u2019esecutivo e la dirigenza per dare il massimo supporto ai circoli dei comuni impegnati nelle amministrative del 28 aprile 2019 e per creare la necessaria mobilitazione per l\u2019appuntamento elettorale delle Europee del 26 maggio 2019.<\/span><\/p>\n<p class=\"p1\"><span class=\"s1\">Quella del 4 Maggio 2019 \u00e8 la data individuata per la convocazione di una Conferenza programmatica su punti qualificanti per lo sviluppo del territorio Messinese.<\/span><\/p>\n<p class=\"p1\"><span class=\"s1\">Dal dibattitto \u00e8 emerso che i segnali positivi che pervengono dalla grande partecipazione alla primarie del 4 Marzo, l\u2019impulso che sta dando la nuova segreteria nazionale di Nicola Zingaretti, che ha posto come obiettivi prioritari quelli dell\u2019unit\u00e0 e di un rinnovato dialogo del partito con i territori, sono elementi che devono spingere il Partito provinciale verso una nuova fase in termini organizzativi e di efficacia dell\u2019azione politica.<\/span><\/p>\n","protected":false},"excerpt":{"rendered":"<p>La Direzione provinciale del PD, presieduta dal Presidente Mario Bolognari, con la partecipazione dei deputati On.Li Franco De Domenico e Pietro Navarra, si \u00e8 riunita il 5 aprile 2019, in una seduta molto partecipata, in cui il segretario Paolo Starvaggi ha trattato nella sua relazione i 4 punti all\u2019ordine del giorno, su cui poi si [&hellip;]<\/p>\n","protected":false},"author":2,"featured_media":14897,"comment_status":"closed","ping_status":"open","sticky":false,"template":"","format":"standard","meta":{"ub_ctt_via":"","_mi_skip_tracking":false},"categories":[4],"tags":[],"featured_image_src":"https:\/\/www.messinaoggi.it\/website\/wp-content\/uploads\/2018\/01\/Starvaggi-Paolo-durante-intervista-con-Marcella-Ruggeri-1.jpg","author_info":{"display_name":"Redazione","author_link":"https:\/\/www.messinaoggi.it\/website\/author\/redazione\/"},"digistream_id":0,"digistream":false,"_links":{"self":[{"href":"https:\/\/www.messinaoggi.it\/website\/wp-json\/wp\/v2\/posts\/31245"}],"collection":[{"href":"https:\/\/www.messinaoggi.it\/website\/wp-json\/wp\/v2\/posts"}],"about":[{"href":"https:\/\/www.messinaoggi.it\/website\/wp-json\/wp\/v2\/types\/post"}],"author":[{"embeddable":true,"href":"https:\/\/www.messinaoggi.it\/website\/wp-json\/wp\/v2\/users\/2"}],"replies":[{"embeddable":true,"href":"https:\/\/www.messinaoggi.it\/website\/wp-json\/wp\/v2\/comments?post=31245"}],"version-history":[{"count":0,"href":"https:\/\/www.messinaoggi.it\/website\/wp-json\/wp\/v2\/posts\/31245\/revisions"}],"wp:featuredmedia":[{"embeddable":true,"href":"https:\/\/www.messinaoggi.it\/website\/wp-json\/wp\/v2\/media\/14897"}],"wp:attachment":[{"href":"https:\/\/www.messinaoggi.it\/website\/wp-json\/wp\/v2\/media?parent=31245"}],"wp:term":[{"taxonomy":"category","embeddable":true,"href":"https:\/\/www.messinaoggi.it\/website\/wp-json\/wp\/v2\/categories?post=31245"},{"taxonomy":"post_tag","embeddable":true,"href":"https:\/\/www.messinaoggi.it\/website\/wp-json\/wp\/v2\/tags?post=31245"}],"curies":[{"name":"wp","href":"https:\/\/api.w.org\/{rel}","templated":true}]}}