{"id":31231,"date":"2019-04-06T11:09:57","date_gmt":"2019-04-06T09:09:57","guid":{"rendered":"http:\/\/www.messinaoggi.it\/website\/?p=31231"},"modified":"2019-04-06T11:09:57","modified_gmt":"2019-04-06T09:09:57","slug":"terremoto-al-policlinico-18-senatori-del-m5s-vogliono-vederci-chiaro-sulla-nemo-sud","status":"publish","type":"post","link":"https:\/\/www.messinaoggi.it\/website\/2019\/04\/06\/terremoto-al-policlinico-18-senatori-del-m5s-vogliono-vederci-chiaro-sulla-nemo-sud\/","title":{"rendered":"Terremoto al Policlinico: 18 senatori del M5S vogliono vederci chiaro sulla &quot;Nemo Sud&quot;"},"content":{"rendered":"<p style=\"text-align: justify;\">Un piccolo esercito di senatori del M5S, attraverso una interrogazione rivolta ai ministri della Salute e della Pubblica amministrazione, avanza \u201csospetti\u201d sulle procedure attraverso le quali il Policlinico di Messina avrebbe lasciato \u201ccampo libero\u201d al centro riabilitativo \u201cNemo Sud\u201d.<div id=\"div-gpt-ad-Messinaoggi.it-DSK-300x250-corpoart\" style=\"text-align:center;margin:0 auto;\"><\/div><\/p>\n<p style=\"text-align: justify;\">La ricostruzione di quanto accaduto da luglio 2009 (rettore <strong>Franco Tomasello<\/strong>), ad oggi \u00e8 ricostruita con dovizia di particolari. L\u2019interrogazione con primo firmatario <strong>Pierpaolo Sileri<\/strong>, presidente della Commissione Sanit\u00e0, oltre che essere docente universitario, \u00e8 destinata a scatenare un\u2019autentica bufera sulla \u201cRiabilitazione\u201d a Messina, dove il pubblico \u2013 secondo quanto ricostruito dai 18 senatori \u2013 avrebbe lasciato campo libero ai privati con il benestare degli accademici.<div id=\"videoincontent\" style=\"clear:both\";><\/div><\/p>\n<p style=\"text-align: justify;\">Nel mirino dei parlamentari del M5S \u00e8 finito, fra gli altri, il prof.re <strong>Giuseppe Vita<\/strong>, il quale \u2013 sempre secondo i senatori \u2013 avrebbe svolto il ruolo di controllore di s\u00e9 stesso, essendo stato nominato direttore del Centro clinico \u201cNemo Sud\u201d, il quale aveva il compito di controllare l\u2019attivit\u00e0 svolta per conto dello stesso Policlinico. Ma per comprendere la portata della vicenda, riportiamo di seguito l\u2019interrogazione di 18 senatori del M5S (tre dei quali siciliani).<\/p>\n<p style=\"text-align: justify;\">\u201cNel luglio 2009, i vertici dell&#8217;azienda ospedaliera universitaria del policlinico &#8220;G. Martino&#8221; di Messina hanno provveduto ad azzerare i 18 posti letto della riabilitazione aziendale, disattendendo le indicazioni dell&#8217;Assessorato regionale per la salute che ne prevedevano, al contrario, un potenziamento;non potendo contare sui rimborsi regionali previsti per i ricoveri riabilitativi, la riabilitazione aziendale ha cos\u00ec sofferto un consistente deficit annuale (fino a 900.000 euro annui), con conseguente penalizzazione del corretto percorso assistenziale dei pazienti con gravi disabilit\u00e0, crollo del livello qualitativo del percorso formativo degli studenti e medici specializzandi, nonch\u00e9 vulnus alla professionalit\u00e0 accademica dei docenti afferenti al settore MED 34-medicina fisica e riabilitativa, fino a vedersi negare nel 2017 l&#8217;accreditamento della scuola di specializzazione da parte del Ministero dell&#8217;istruzione, dell&#8217;universit\u00e0 e della ricerca;parallelamente, nel luglio 2011, per iniziativa del rettore dell&#8217;universit\u00e0 degli studi di Messina dell&#8217;epoca, professor Francesco Tomasello, e del direttore dell&#8217;unit\u00e0 operativa complessa di neurologia e malattie neuromuscolari del policlinico, nonch\u00e9 direttore del dipartimento ad attivit\u00e0 integrata (DAI) di neuroscienze, professor Giuseppe Vita, nasceva la fondazione &#8220;Aurora&#8221; onlus, con lo scopo di svolgere assistenza in favore di persone affette da malattie neuromuscolari, attraverso la creazione del centro clinico &#8220;Nemo Sud&#8221;, un centro privato di riabilitazione neurologica, che \u00e8 stato allocato dentro il policlinico, malgrado l&#8217;azienda fosse gi\u00e0 in possesso di tutte le risorse professionali per garantire le stesse prestazioni;pertanto, mentre le strutture assistenziali della riabilitazione aziendale sono rimaste senza posti letto con tutte le conseguenze sopra esposte, il centro Nemo Sud si \u00e8 visto attivare, con le deliberazioni n. 244 e n. 614 del 2013 del commissario straordinario Giuseppe Pecoraro, i ricoveri riabilitativi di codice 75 (neuroriabilitazione), codice allo stesso assegnato, nonch\u00e9 destinare alle sue attivit\u00e0 gli spazi individuati presso il padiglione B, concessi alla fondazione Aurora onlus a titolo gratuito, per un periodo di 30 anni;il centro, inoltre, ha incassato DRG riabilitativi senza avere in organico alcun medico specialista in medicina fisica e riabilitativa (medico fisiatra) o medico con anzianit\u00e0 di servizio in riabilitazione sostitutiva della specializzazione;un centro privato di riabilitazione neurologica ha, dunque, sottratto spazi e posti letto alla riabilitazione aziendale e sottratto introiti alla stessa unit\u00e0 operativa aziendale di neurologia e malattie neuromuscolari;l&#8217;incarico retribuito di direzione clinica di questo centro \u00e8 stato sempre affidato, sin dall&#8217;apertura, ad un personale non in possesso dei requisiti previsti dalle norme sanitarie: prima due docenti universitari sprovvisti di specializzazione in medicina fisica e riabilitazione che risultavano anche incompatibili sulla base delle norme del pubblico impiego (decreto legislativo 30 marzo 2001, n. 165, art. 53, comma 6; legge 30 dicembre 2010, n. 240, art. 6, comma 10) e del regolamento dell&#8217;universit\u00e0 di Messina (decreto rettorale n. 1668 del 13 novembre 2006, art. 4, comma 1); in seguito un medico estraneo all&#8217;azienda universitaria di Messina che non possedeva i titoli sanitari per dirigere una struttura di riabilitazione neurologica (codice 75) quale \u00e8 il centro Nemo Sud;inoltre, con la deliberazione n. 1311 del 12 dicembre 2013 il commissario straordinario dottor Giuseppe Pecoraro ha assunto varie determinazioni, tra cui il demandare al professor Giuseppe Vita il controllo e la verifica delle attivit\u00e0 sanitarie previste nel progetto, al fine di accertare la correttezza degli adempimenti convenuti. Secondo questo ultimo incarico, quindi, il professor Vita controllava i suoi sottoposti in qualit\u00e0 di direttore clinico del centro Nemo Sud, e a sua volta veniva controllato da s\u00e9 stesso in qualit\u00e0 di direttore dell&#8217;unit\u00e0 operativa complessa, ruolo per il quale era soggetto ancora al controllo da parte di se stesso in qualit\u00e0 di direttore del DAI. Il dottor Giuseppe Pecoraro disponeva, inoltre, che le retribuzioni per le attivit\u00e0 citate graveranno sul &#8220;fondo aziendale produttivit\u00e0 20 per cento a disposizione del Direttore Generale&#8221;;il 22 novembre 2017 \u00e8 stata firmata una nuova convenzione per gli anni 2018-2022 tra fondazione e policlinico con entrata in vigore dal 1\u00b0 gennaio 2018, nella quale, laddove si parla di tariffe previste per le prestazioni di ricovero presso il centro Nemo Sud, sorprendentemente si fa riferimento a tariffe maggiorate che si riferiscono a soggetti mielolesi, che rappresentano quadri morbosi, del tutto diversi, e per nulla assimilabili alle malattie neuromuscolari che vengono trattate presso il centro; viene da chiedersi non solo su quale base normativa si \u00e8 provveduto al raddoppio dei posti letto, dei quali non c&#8217;\u00e8 traccia n\u00e9 nella rete assistenziale regionale, n\u00e9 nel decreto assessoriale n. 629\/2017 n\u00e9 nell&#8217;atto aziendale policlinico, ma anche quale provvedimento ufficiale dell&#8217;Assessorato regionale o della Giunta o del presidente della Regione abbia mai autorizzato la prima assegnazione di posti letto pubblici al centro privato Nemo Sud che ha segnato l&#8217;inizio della penalizzazione delle unit\u00e0 operative riabilitative aziendali.Si chiede di sapere:se i Ministri in indirizzo siano a conoscenza di quanto descritto; se non sia imminente l&#8217;esigenza di prendere provvedimenti al fine di ristabilire il rispetto delle norme di legge all&#8217;interno del policlinico G. Martino di Messina\u201d.<\/p>\n","protected":false},"excerpt":{"rendered":"<p>Un piccolo esercito di senatori del M5S, attraverso una interrogazione rivolta ai ministri della Salute e della Pubblica amministrazione, avanza \u201csospetti\u201d sulle procedure attraverso le quali il Policlinico di Messina avrebbe lasciato \u201ccampo libero\u201d al centro riabilitativo \u201cNemo Sud\u201d. La ricostruzione di quanto accaduto da luglio 2009 (rettore Franco Tomasello), ad oggi \u00e8 ricostruita con [&hellip;]<\/p>\n","protected":false},"author":2,"featured_media":1364,"comment_status":"closed","ping_status":"open","sticky":false,"template":"","format":"standard","meta":{"ub_ctt_via":"","_mi_skip_tracking":false},"categories":[19,6],"tags":[],"featured_image_src":"https:\/\/www.messinaoggi.it\/website\/wp-content\/uploads\/2017\/06\/PoliclinicoMessina-2.jpg","author_info":{"display_name":"Redazione","author_link":"https:\/\/www.messinaoggi.it\/website\/author\/redazione\/"},"digistream_id":0,"digistream":false,"_links":{"self":[{"href":"https:\/\/www.messinaoggi.it\/website\/wp-json\/wp\/v2\/posts\/31231"}],"collection":[{"href":"https:\/\/www.messinaoggi.it\/website\/wp-json\/wp\/v2\/posts"}],"about":[{"href":"https:\/\/www.messinaoggi.it\/website\/wp-json\/wp\/v2\/types\/post"}],"author":[{"embeddable":true,"href":"https:\/\/www.messinaoggi.it\/website\/wp-json\/wp\/v2\/users\/2"}],"replies":[{"embeddable":true,"href":"https:\/\/www.messinaoggi.it\/website\/wp-json\/wp\/v2\/comments?post=31231"}],"version-history":[{"count":0,"href":"https:\/\/www.messinaoggi.it\/website\/wp-json\/wp\/v2\/posts\/31231\/revisions"}],"wp:featuredmedia":[{"embeddable":true,"href":"https:\/\/www.messinaoggi.it\/website\/wp-json\/wp\/v2\/media\/1364"}],"wp:attachment":[{"href":"https:\/\/www.messinaoggi.it\/website\/wp-json\/wp\/v2\/media?parent=31231"}],"wp:term":[{"taxonomy":"category","embeddable":true,"href":"https:\/\/www.messinaoggi.it\/website\/wp-json\/wp\/v2\/categories?post=31231"},{"taxonomy":"post_tag","embeddable":true,"href":"https:\/\/www.messinaoggi.it\/website\/wp-json\/wp\/v2\/tags?post=31231"}],"curies":[{"name":"wp","href":"https:\/\/api.w.org\/{rel}","templated":true}]}}