{"id":31207,"date":"2019-04-05T12:54:01","date_gmt":"2019-04-05T10:54:01","guid":{"rendered":"http:\/\/www.messinaoggi.it\/website\/?p=31207"},"modified":"2019-04-05T12:54:01","modified_gmt":"2019-04-05T10:54:01","slug":"a-tutto-volume-libri-in-festa-a-ragusa-compie-10-anni-al-via-i-preparativi","status":"publish","type":"post","link":"https:\/\/www.messinaoggi.it\/website\/2019\/04\/05\/a-tutto-volume-libri-in-festa-a-ragusa-compie-10-anni-al-via-i-preparativi\/","title":{"rendered":"A Tutto Volume &#8211; Libri in festa a Ragusa compie 10 anni. Al via i preparativi"},"content":{"rendered":"<p>Fervono i preparativi \u00a0per la nuova edizione della kermesse letteraria \u00a0<em>\u201cA Tutto Volume &#8211; Libri in festa a Ragusa<\/em>\u201d che si terr\u00e0 da gioved\u00ec 13 a domenica 16 giugno. La manifestazione siciliana che quest\u2019anno festeggia \u00a0dieci anni di vita\u00a0 sar\u00e0 caratterizzata \u00a0mostre, laboratori, reading, lectio magistralis, incontri, confronti e dibattiti tra scrittori, scrittrici, giornalisti\u2026 e i loro pi\u00f9 appassionati lettori.<br \/>\nUn traguardo di successi questo decimo anno, ma anche un punto di partenza, con novit\u00e0 entusiasmanti e importanti ospiti gi\u00e0 confermati per la manifestazione ideata dal direttore artistico Alessandro Di Salvo insieme ai riconfermati guest director Loredana Lipperini e Massimo Cirri a cui si aggiungono quest\u2019anno anche lo scrittore Antonio Pascale, il giornalista Pino Corrias e il filosofo Telmo Pievani.<br \/>\nA impreziosire il programma del festival sar\u00e0 l\u2019eccezionale presenza dei candidati alla LXXIII edizione del Premio Strega: nel periodo pi\u00f9 \u201ccaldo\u201d e chiacchierato della stagione letteraria, venerd\u00ec 14 giugno, subito dopo la nomina della cinquina, i finalisti saranno impegnati in un talk condotto da\u00a0Loredana Lipperini, poi fino a tarda sera incontreranno il pubblico di Ragusa.<br \/>\nTra i primi nomi confermati: Edoardo Albinati, Ferruccio De Bortoli, Maurizio De Giovanni, Diego De Silva, Luca Dondoni, Elsa Fornero, Andrea Purgatori, Simonetta Agnello Hornby.<br \/>\nPer celebrare questa edizione speciale l\u2019artista Velasco Vitali ha realizzato l\u2019opera pittorica che ne diventa il manifesto grafico. Raffigura un uomo intento a leggere, immerso cos\u00ec tanto nella lettura da volare altrove. \u201cLeggere \u00e8 spingersi oltre, perch\u00e9 leggere ci cambia, ci fa fare un passo in avanti, ci stacca da terra \u2013 spiega Velasco &#8211; Leggere \u00e8 libert\u00e0, \u00e8 conoscenza, \u00e8 niente come sembra, \u00e8 un altro reale. Al punto tale che leggere \u00e8 una proiezione nello spazio. L\u2019uomo quando legge, vola\u201d.<br \/>\nPer il secondo anno di seguito la cornice di \u201cA Tutto Volume\u201d dar\u00e0\u00a0spazio al Premio Goliarda Sapienza,\u00a0con un progetto speciale,\u00a0Malafollia: sei racconti sulla follia in carcere, scritti da chi l\u2019ha vissuta. Dar\u00e0 loro voce in un reading Francesco Montanari. Interverr\u00e0 la giornalista e curatrice del progetto Antonella Bolelli Ferrera.<br \/>\nNon solo firme note e premi letterari: Extra Volume, una sezione speciale del festival, permetter\u00e0 anche quest\u2019anno di dare spazio al grande fermento culturale che anima la citt\u00e0 e il territorio.<br \/>\nGli \u00a0appuntamenti e \u00a0gli incontri, \u00a0che si svolgeranno tra il centro storico di Ragusa Superiore e il quartiere antico dall\u2019anima barocca, Ibla, saranno tutti a ingresso gratuito. Lettori, lettrici e appassionati potranno partecipare agli eventi passando dunque dalla citt\u00e0 nuova, ricostruita dopo il terremoto \u2013 intorno alla Cattedrale di San Giovanni Battista-, fino a raggiungere piazza Duomo, la Chiesa di San Vincenzo Ferreri, piazza Pola e i Giardini Iblei.<br \/>\nIl festival letterario\u00a0\u201cA Tutto\u00a0Volume \u2013 Libri in festa a Ragusa\u201d\u00a0\u00e8 realizzato dalla Fondazione degli Archi con il sostegno di\u00a0SIAE &#8211; Societ\u00e0 Italiana degli Autori ed Editori,\u00a0dell\u2019Assemblea Regionale Siciliana, del\u00a0Comune di Ragusa e vari sponsor privati.<br \/>\nAderisce alla &#8220;Rete dei festival letterari del Sud Italia\u201d siglata da pi\u00f9 di venti rassegne culturali realizzate dalle citt\u00e0 del sud Italia, che hanno unito e condiviso forze e idee.<br \/>\nE allora cosa aspettate? Segnatevi questa data e non perdete l\u2019occasione di vivere un weekend immersi \u00a0nella cultura a tutto tondo.<div id=\"div-gpt-ad-Messinaoggi.it-DSK-300x250-corpoart\" style=\"text-align:center;margin:0 auto;\"><\/div><\/p>\n<div id=\"videoincontent\" style=\"clear:both\";><\/div>","protected":false},"excerpt":{"rendered":"<p>Fervono i preparativi \u00a0per la nuova edizione della kermesse letteraria \u00a0\u201cA Tutto Volume &#8211; Libri in festa a Ragusa\u201d che si terr\u00e0 da gioved\u00ec 13 a domenica 16 giugno. La manifestazione siciliana che quest\u2019anno festeggia \u00a0dieci anni di vita\u00a0 sar\u00e0 caratterizzata \u00a0mostre, laboratori, reading, lectio magistralis, incontri, confronti e dibattiti tra scrittori, scrittrici, giornalisti\u2026 e [&hellip;]<\/p>\n","protected":false},"author":5,"featured_media":31208,"comment_status":"closed","ping_status":"open","sticky":false,"template":"","format":"standard","meta":{"ub_ctt_via":"","_mi_skip_tracking":false},"categories":[16],"tags":[],"featured_image_src":"https:\/\/www.messinaoggi.it\/website\/wp-content\/uploads\/2019\/04\/a-tutto-volume-1.jpg","author_info":{"display_name":"Maria Antonella Saia","author_link":"https:\/\/www.messinaoggi.it\/website\/author\/m-saia\/"},"digistream_id":0,"digistream":false,"_links":{"self":[{"href":"https:\/\/www.messinaoggi.it\/website\/wp-json\/wp\/v2\/posts\/31207"}],"collection":[{"href":"https:\/\/www.messinaoggi.it\/website\/wp-json\/wp\/v2\/posts"}],"about":[{"href":"https:\/\/www.messinaoggi.it\/website\/wp-json\/wp\/v2\/types\/post"}],"author":[{"embeddable":true,"href":"https:\/\/www.messinaoggi.it\/website\/wp-json\/wp\/v2\/users\/5"}],"replies":[{"embeddable":true,"href":"https:\/\/www.messinaoggi.it\/website\/wp-json\/wp\/v2\/comments?post=31207"}],"version-history":[{"count":0,"href":"https:\/\/www.messinaoggi.it\/website\/wp-json\/wp\/v2\/posts\/31207\/revisions"}],"wp:featuredmedia":[{"embeddable":true,"href":"https:\/\/www.messinaoggi.it\/website\/wp-json\/wp\/v2\/media\/31208"}],"wp:attachment":[{"href":"https:\/\/www.messinaoggi.it\/website\/wp-json\/wp\/v2\/media?parent=31207"}],"wp:term":[{"taxonomy":"category","embeddable":true,"href":"https:\/\/www.messinaoggi.it\/website\/wp-json\/wp\/v2\/categories?post=31207"},{"taxonomy":"post_tag","embeddable":true,"href":"https:\/\/www.messinaoggi.it\/website\/wp-json\/wp\/v2\/tags?post=31207"}],"curies":[{"name":"wp","href":"https:\/\/api.w.org\/{rel}","templated":true}]}}