{"id":31077,"date":"2019-04-02T12:27:14","date_gmt":"2019-04-02T10:27:14","guid":{"rendered":"http:\/\/www.messinaoggi.it\/website\/?p=31077"},"modified":"2019-04-02T12:27:14","modified_gmt":"2019-04-02T10:27:14","slug":"giro-di-sicilia-messina-si-ferma","status":"publish","type":"post","link":"https:\/\/www.messinaoggi.it\/website\/2019\/04\/02\/giro-di-sicilia-messina-si-ferma\/","title":{"rendered":"Giro di Sicilia, Messina si ferma"},"content":{"rendered":"<p style=\"text-align: justify;\">\u201c<em>Dalle 13 alle 15 e 30 sar\u00e0 interdetto il transito veicolare lungo tutto il percorso interessato dall\u2019evento, cio\u00e8 da Giampilieri a Orto Liuzzo. Inoltre, per assicurare la tutela della pubblica e privata incolumit\u00e0 e agevolare maggiormente le condizioni del traffico cittadino, con ordinanza sindacale \u00e8 stata disposta <strong>la chiusura di tutte le scuole di ogni ordine e grado, pubbliche, private e parificate, presenti sul territorio comunale<\/strong><\/em>\u201d. Cos\u00ec Giuseppe Scattareggia e Roberto Vincenzo Trimarchi, rispettivamente assessore alle Attivit\u00e0 Sportive e assessore alla Pubblica Istruzione, illustrando nel corso di un\u2019apposita conferenza stampa che si \u00e8 tenuta stamani a Palazzo Zanca gli aspetti tecnici ed organizzativi del Giro di Sicilia 2019, la nota gara ciclistica che nella giornata di domani, mercoled\u00ec 3, transiter\u00e0 da Messina tra le ore 14 e 30 e 14 e 50. <strong>L&#8217;Universit\u00e0 di Messina ha inoltre annunciato la sospensione dell&#8217;attivit\u00e0 didattica<\/strong> per l&#8217;intera giornata di domani in tutti i Dipartimenti.<div id=\"div-gpt-ad-Messinaoggi.it-DSK-300x250-corpoart\" style=\"text-align:center;margin:0 auto;\"><\/div><\/p>\n<p style=\"text-align: justify;\"><strong>Viabilit\u00e0.<\/strong> Al fine di garantire al meglio lo svolgimento della gara, domani <strong>dalle 9 alle 16 sar\u00e0 vietata la sosta<\/strong>\u00a0su entrambi i lati delle vie La Farina (carreggiata lato valle), Campo delle Vettovaglie, L. Rizzo, Vittorio Emanuele II, viale della Libert\u00e0, viale Giostra (carreggiata centrale), Denaro, Palermo e S.S. 113. Sar\u00e0 inoltre<strong> interdetto il transito veicolare dalle 13 alle 15 e 30 <\/strong>nelle strade Ss 114 ed ex Ss 114, e nelle vie G. La Pira, A. Celi, Taormina, U. Bonino (carreggiata lato valle), La Farina (carreggiata lato valle), Campo delle Vettovaglie, L. Rizzo, Vittorio Emanuele II, viale della Libert\u00e0, viale Giostra, rotatoria Maestri del Lavoro, Denaro, Palermo e S.S. 113.<div id=\"videoincontent\" style=\"clear:both\";><\/div><\/p>\n<p style=\"text-align: justify;\"><strong>Modifiche percorsi linee Atm. <\/strong>Anche l\u2019Azienda Trasporti Messina ha disposto modifiche agli orari e ai percorsi degli autobus in relazione agli orari e al percorso della gara ciclistica. Il servizio riprender\u00e0 alle ore 15 e 30 come da orario di tabellino e comunque dopo la comunicazione della Centrale operativa dei Vigili Urbani di ripristino della circolazione nel percorso interessato all\u2019evento sportivo. Qui di seguito riportiamo le modifiche apportate alle varie linee:<\/p>\n<ul style=\"text-align: justify;\">\n<li><strong>Linea 1 (Shuttle). <\/strong>Capolinea Giampilieri, l\u2019ultima partenza con arrivo al capolinea di Statua Padre Pio sar\u00e0 effettuata alle ore 10.20, le partenze delle ore 10.40, 11, 11.20, 11.40, 12, 12.20, effettueranno servizio fino alla Stazione Centrale; Capolinea di Padre Pio, l\u2019ultima partenza con arrivo a Giampilieri Superiore sar\u00e0 effettuata alle 10.20, le partenze delle 10.40, 11, 11.20, 11.40, 12.05 e 12.20 effettueranno servizio fino al deposito Atm.<\/li>\n<li><strong>Linea 2. <\/strong>Non effettua le corse dalla Zir dalle 12.50 alle 15.30.<\/li>\n<li><strong>Linea 3.<\/strong> Non effettua le corse dalla Zir dalle 11.35 alle 15.30.<\/li>\n<li><strong>Linea 4. <\/strong>Non effettua le corse dalla Zir dalle 12.25 alle 15.30.<\/li>\n<li><strong>Linea 5.<\/strong> Non effettua le corse dalla Zir dalle 12.40 alle 15.30.<\/li>\n<li><strong>Linea 6.<\/strong> Non effettua le corse dalla Zir dalle 12.20 alle 15.30.<\/li>\n<li><strong>Linea 7.<\/strong> Non effettua le corse dalla Zir dalle 12.45 alle 15.30.<\/li>\n<li><strong>Linea 8.<\/strong> Non effettua le corse da Villa Dante dalle 12.30 alle 15.30.<\/li>\n<li><strong>Linea 9.<\/strong> Non effettua la corsa da Villa Dante delle 14.35.<\/li>\n<li><strong>Linea 10. <\/strong>Non effettua le corse dalla Zir dalle 12.35 alle 15.30.<\/li>\n<li><strong>Linea 11.<\/strong> Con le corse in partenza da Cumia Superiore delle 11.45 e 13.40 effettuer\u00e0 capolinea a villa Dante.<\/li>\n<li><strong>Linea 12.<\/strong> Non effettua le corse delle 12.30 e delle 14.15, dal Cavallotti.<\/li>\n<li><strong>Linee 13, 14 e 15.<\/strong> Dalle 12.30 alle 15.30 saranno limitati presso il viale Europa corsia monte-mare, ultima fermata prima di Rotonda Zaera.<strong>\u00a0<\/strong><\/li>\n<li><strong>Linea 15 bis.<\/strong> Non effettua la corsa delle 14.20 dal Cavallotti.<\/li>\n<li><strong>Linea 16.<\/strong> Con la corsa in partenza da piazza Gonzaga delle 15, giunti sulla via Tommaso Cannizzaro proseguono per via Garibaldi, via I Settembre e Cavallotti, senza raggiungere la Stazione Centrale.<\/li>\n<li><strong>Linea 17.<\/strong> Con le corse in partenza da Citta Nuova delle 12.45 e delle 14, giunti sulla via Tommaso Cannizzaro proseguono per via Garibaldi, via I Settembre e Cavallotti, senza raggiungere la Stazione Centrale.<\/li>\n<li><strong>Linea 18.<\/strong> Non effettua le corse delle 13.15 e delle 14.30, dal Cavallotti.<strong>\u00a0<\/strong><\/li>\n<li><strong>Linea 19.<\/strong> Non effettua le corse delle 13.15 e delle 14.40, dal Cavallotti.<\/li>\n<li><strong>Linea 20.<\/strong> Non effettua le corse delle 12.55 e delle 14.35, dal Cavallotti.<\/li>\n<li><strong>Linea 21.<\/strong> Non effettua le corse delle 11.25 e delle 13.25, dal Cavallotti.<\/li>\n<li><strong>Linea 22.<\/strong> Non effettua le corse dalle 13.05 alle 15.30, dal Cavallotti.<\/li>\n<li><strong>Linee 23 e 24.<\/strong> Percorso regolare, nessuna interruzione.<\/li>\n<li><strong>Linea 25.<\/strong> Non effettua le corse delle 11.30 e delle 13.45, dal Cavallotti.<\/li>\n<li><strong>Linea 26.<\/strong> Non effettua le corse delle 11.40 e delle 14.10, dal Cavallotti.<\/li>\n<li><strong>Linea 27.<\/strong> Non effettua la corsa delle 14.15 dal Cavallotti.<strong>\u00a0<\/strong><\/li>\n<li><strong>Linea 29.<\/strong> Non effettua le corse delle 11.55 e delle 14.10 dal Cavallotti.<\/li>\n<li><strong>Linea 30.<\/strong> Non effettua le corse delle 12.05 e delle 14.20 dal Cavallotti.<\/li>\n<li><strong>Linee 31 e 32.<\/strong> Percorso regolare, nessuna interruzione.<strong>\u00a0<\/strong><\/li>\n<li><strong>Linea 33.<\/strong> Con le corse in partenza da Ponte Gallo delle 13.20 e 14.55, giunti sulla via Garibaldi, proseguono per via I Settembre e Cavallotti senza raggiungere la Stazione Centrale; la corsa in partenza da Acqualadrone delle 13 viene parzializzata al capolinea di Annunziata.<\/li>\n<\/ul>\n<p style=\"text-align: justify;\">Tutte le modifiche potranno essere consultate sul sito aziendale Atm <span style=\"text-decoration: underline;\"><a href=\"http:\/\/www.atmmessina.it\">www.atmmessina.it<\/a><\/span><\/p>\n","protected":false},"excerpt":{"rendered":"<p>\u201cDalle 13 alle 15 e 30 sar\u00e0 interdetto il transito veicolare lungo tutto il percorso interessato dall\u2019evento, cio\u00e8 da Giampilieri a Orto Liuzzo. Inoltre, per assicurare la tutela della pubblica e privata incolumit\u00e0 e agevolare maggiormente le condizioni del traffico cittadino, con ordinanza sindacale \u00e8 stata disposta la chiusura di tutte le scuole di ogni [&hellip;]<\/p>\n","protected":false},"author":8,"featured_media":31085,"comment_status":"closed","ping_status":"open","sticky":false,"template":"","format":"standard","meta":{"ub_ctt_via":"","_mi_skip_tracking":false},"categories":[8,9],"tags":[],"featured_image_src":"https:\/\/www.messinaoggi.it\/website\/wp-content\/uploads\/2019\/04\/giro-sicilia-conferenza.jpg","author_info":{"display_name":"red..me","author_link":"https:\/\/www.messinaoggi.it\/website\/author\/redstage\/"},"digistream_id":0,"digistream":false,"_links":{"self":[{"href":"https:\/\/www.messinaoggi.it\/website\/wp-json\/wp\/v2\/posts\/31077"}],"collection":[{"href":"https:\/\/www.messinaoggi.it\/website\/wp-json\/wp\/v2\/posts"}],"about":[{"href":"https:\/\/www.messinaoggi.it\/website\/wp-json\/wp\/v2\/types\/post"}],"author":[{"embeddable":true,"href":"https:\/\/www.messinaoggi.it\/website\/wp-json\/wp\/v2\/users\/8"}],"replies":[{"embeddable":true,"href":"https:\/\/www.messinaoggi.it\/website\/wp-json\/wp\/v2\/comments?post=31077"}],"version-history":[{"count":0,"href":"https:\/\/www.messinaoggi.it\/website\/wp-json\/wp\/v2\/posts\/31077\/revisions"}],"wp:featuredmedia":[{"embeddable":true,"href":"https:\/\/www.messinaoggi.it\/website\/wp-json\/wp\/v2\/media\/31085"}],"wp:attachment":[{"href":"https:\/\/www.messinaoggi.it\/website\/wp-json\/wp\/v2\/media?parent=31077"}],"wp:term":[{"taxonomy":"category","embeddable":true,"href":"https:\/\/www.messinaoggi.it\/website\/wp-json\/wp\/v2\/categories?post=31077"},{"taxonomy":"post_tag","embeddable":true,"href":"https:\/\/www.messinaoggi.it\/website\/wp-json\/wp\/v2\/tags?post=31077"}],"curies":[{"name":"wp","href":"https:\/\/api.w.org\/{rel}","templated":true}]}}