{"id":31020,"date":"2019-03-31T11:16:27","date_gmt":"2019-03-31T09:16:27","guid":{"rendered":"http:\/\/www.messinaoggi.it\/website\/?p=31020"},"modified":"2019-03-31T11:16:27","modified_gmt":"2019-03-31T09:16:27","slug":"gianluca-non-indossava-il-casco-di-protezione","status":"publish","type":"post","link":"https:\/\/www.messinaoggi.it\/website\/2019\/03\/31\/gianluca-non-indossava-il-casco-di-protezione\/","title":{"rendered":"Gianluca non indossava il casco di protezione"},"content":{"rendered":"<p style=\"text-align: justify;\">Gianluca Cerro, il ventitreenne morto ieri in un incidente stradale a Villaggio Aldisio, non indossava il casco. Lo hanno accertato gli agenti della polizia municipale che stanno indagando sullo scontro mortale verificatosi in via D&#8217;Anfuso.<div id=\"div-gpt-ad-Messinaoggi.it-DSK-300x250-corpoart\" style=\"text-align:center;margin:0 auto;\"><\/div><\/p>\n<p style=\"text-align: justify;\">Intanto, chiarito che il conducente della &#8220;Lancia Musa&#8221; non si \u00e8 dato alla fuga dopo l&#8217;incidente, ma si \u00e8 allontanato solo perch\u00e9 in stato di chock, dagli esami eseguiti non \u00e8 emerso nulla di rilevante. Il conducente della vettura era sobrio e per lui \u00e8 scattata solo l&#8217;incriminazione di omicidio colposo. E&#8217; bene specificare che si tratta di un atto dovuto.<div id=\"videoincontent\" style=\"clear:both\";><\/div><\/p>\n<p style=\"text-align: justify;\">Gli agenti della Municipale stanno cercando di ricostruire l&#8217;esatta dinamica dell&#8217;incidente per accertare eventuali responsabilit\u00e0. Intanto, il corpo di Gianluca \u00e8 stato condotto all&#8217;obitorio comunale, dove domani con molta probabilit\u00e0 sar\u00e0 eseguita l&#8217;autopsia su disposizione del magistrato che si sta occupando del caso.<\/p>\n<p style=\"text-align: justify;\">C&#8217;\u00e8 grande commozione in citt\u00e0 per l&#8217;ennesima vita spezzata di un giovane che appena il giorno prima aveva coronato il suo sogno avendo acquistato l&#8217;Honda Sh che desiderava da tempo. Gianluca aveva un lavoro e conduceva una vita assolutamente tranquilla.<\/p>\n","protected":false},"excerpt":{"rendered":"<p>Gianluca Cerro, il ventitreenne morto ieri in un incidente stradale a Villaggio Aldisio, non indossava il casco. Lo hanno accertato gli agenti della polizia municipale che stanno indagando sullo scontro mortale verificatosi in via D&#8217;Anfuso. Intanto, chiarito che il conducente della &#8220;Lancia Musa&#8221; non si \u00e8 dato alla fuga dopo l&#8217;incidente, ma si \u00e8 allontanato [&hellip;]<\/p>\n","protected":false},"author":2,"featured_media":31010,"comment_status":"closed","ping_status":"open","sticky":false,"template":"","format":"standard","meta":{"ub_ctt_via":"","_mi_skip_tracking":false},"categories":[6],"tags":[],"featured_image_src":"https:\/\/www.messinaoggi.it\/website\/wp-content\/uploads\/2019\/03\/410A01E7-366D-49FA-9B78-73E49D67139A.jpeg","author_info":{"display_name":"Redazione","author_link":"https:\/\/www.messinaoggi.it\/website\/author\/redazione\/"},"digistream_id":0,"digistream":false,"_links":{"self":[{"href":"https:\/\/www.messinaoggi.it\/website\/wp-json\/wp\/v2\/posts\/31020"}],"collection":[{"href":"https:\/\/www.messinaoggi.it\/website\/wp-json\/wp\/v2\/posts"}],"about":[{"href":"https:\/\/www.messinaoggi.it\/website\/wp-json\/wp\/v2\/types\/post"}],"author":[{"embeddable":true,"href":"https:\/\/www.messinaoggi.it\/website\/wp-json\/wp\/v2\/users\/2"}],"replies":[{"embeddable":true,"href":"https:\/\/www.messinaoggi.it\/website\/wp-json\/wp\/v2\/comments?post=31020"}],"version-history":[{"count":0,"href":"https:\/\/www.messinaoggi.it\/website\/wp-json\/wp\/v2\/posts\/31020\/revisions"}],"wp:featuredmedia":[{"embeddable":true,"href":"https:\/\/www.messinaoggi.it\/website\/wp-json\/wp\/v2\/media\/31010"}],"wp:attachment":[{"href":"https:\/\/www.messinaoggi.it\/website\/wp-json\/wp\/v2\/media?parent=31020"}],"wp:term":[{"taxonomy":"category","embeddable":true,"href":"https:\/\/www.messinaoggi.it\/website\/wp-json\/wp\/v2\/categories?post=31020"},{"taxonomy":"post_tag","embeddable":true,"href":"https:\/\/www.messinaoggi.it\/website\/wp-json\/wp\/v2\/tags?post=31020"}],"curies":[{"name":"wp","href":"https:\/\/api.w.org\/{rel}","templated":true}]}}