{"id":31007,"date":"2019-03-30T16:23:55","date_gmt":"2019-03-30T15:23:55","guid":{"rendered":"http:\/\/www.messinaoggi.it\/website\/?p=31007"},"modified":"2019-03-30T16:23:55","modified_gmt":"2019-03-30T15:23:55","slug":"travolto-da-unauto-muore-motociclista-22enne","status":"publish","type":"post","link":"https:\/\/www.messinaoggi.it\/website\/2019\/03\/30\/travolto-da-unauto-muore-motociclista-22enne\/","title":{"rendered":"Travolto da un&#039;auto, muore motociclista 22enne"},"content":{"rendered":"<p style=\"text-align: justify;\">Gianluca Cerra di 22 anni \u00e8 morto nel primo pomeriggio a causa di un incidente stradale verificatosi al Villaggio Aldisio.<div id=\"div-gpt-ad-Messinaoggi.it-DSK-300x250-corpoart\" style=\"text-align:center;margin:0 auto;\"><\/div><\/p>\n<p style=\"text-align: justify;\"><img loading=\"lazy\" class=\"size-medium wp-image-31010 alignright\" src=\"http:\/\/www.messinaoggi.it\/website\/wp-content\/uploads\/2019\/03\/410A01E7-366D-49FA-9B78-73E49D67139A-192x300.jpeg\" alt=\"\" width=\"192\" height=\"300\" \/><div id=\"videoincontent\" style=\"clear:both\";><\/div><\/p>\n<p style=\"text-align: justify;\">La vittima viaggiava in sella al proprio scooter in via D&#8217;Anfuso quando si \u00e8 verificato l&#8217;impatto con una vettura condotta da un ventottenne di Bisconte. Il conducente della vettura dopo l&#8217;incidente s&#8217;\u00e8 allontanato e in un primo momento si \u00e8 sparsa la notizia che fosse scappato.<\/p>\n<p style=\"text-align: justify;\">In realt\u00e0 il giovane s&#8217;\u00e8 allontanato perch\u00e9 scosso per quanto accaduto. Il ventottenne \u00e8 stato sottoposto nel pomeriggio agli esami di rito e subito dopo \u00e8 stato sentito dagli inquirenti. La Procura ha aperto un fascicolo per omicidio colposo.<\/p>\n<p style=\"text-align: justify;\">A prestare i primi soccorsi sono stati alcuni automobilisti in transito, ma per il giovane, residente a Santa Lucia Sopra Contesse, non c&#8217;\u00e8 stato nulla da fare: \u00e8 morto prima dell&#8217;arrivo dei soccorritori.<\/p>\n<p style=\"text-align: justify;\"><img loading=\"lazy\" class=\"size-medium wp-image-31005 alignright\" src=\"http:\/\/www.messinaoggi.it\/website\/wp-content\/uploads\/2019\/03\/6557F090-E4EC-4B53-B732-AA86F5DF5D41-300x200.jpeg\" alt=\"\" width=\"300\" height=\"200\" \/><\/p>\n<p style=\"text-align: justify;\">Sul posto sono intervenuti i carabinieri del Nucleo radiomobile, i quali hanno avviato le indagini per risalire all&#8217;identit\u00e0 del conducente della vettura il quale dopo l\u2019incidente se n\u2019\u00e8 andato a casa rischiano di essere linciato.<\/p>\n<p style=\"text-align: justify;\">Sono state acquisite le immagini dei sistemi di sorveglianza di alcuni esercizi pubblici. Le persone del posto non hanno fornito agli inquirenti grande collaborazione sulla dinamica dell&#8217;incidente.<\/p>\n<p style=\"text-align: justify;\">Il giovane aveva finito il turno lavorativo in un market della zona e stava facendo ritorno a casa per il pranzo.<\/p>\n","protected":false},"excerpt":{"rendered":"<p>Gianluca Cerra di 22 anni \u00e8 morto nel primo pomeriggio a causa di un incidente stradale verificatosi al Villaggio Aldisio. La vittima viaggiava in sella al proprio scooter in via D&#8217;Anfuso quando si \u00e8 verificato l&#8217;impatto con una vettura condotta da un ventottenne di Bisconte. Il conducente della vettura dopo l&#8217;incidente s&#8217;\u00e8 allontanato e in [&hellip;]<\/p>\n","protected":false},"author":2,"featured_media":31006,"comment_status":"closed","ping_status":"open","sticky":false,"template":"","format":"standard","meta":{"ub_ctt_via":"","_mi_skip_tracking":false},"categories":[19,6],"tags":[],"featured_image_src":"https:\/\/www.messinaoggi.it\/website\/wp-content\/uploads\/2019\/03\/B0BBE52E-0F6F-4219-9E29-77034DFA34E4.jpeg","author_info":{"display_name":"Redazione","author_link":"https:\/\/www.messinaoggi.it\/website\/author\/redazione\/"},"digistream_id":0,"digistream":false,"_links":{"self":[{"href":"https:\/\/www.messinaoggi.it\/website\/wp-json\/wp\/v2\/posts\/31007"}],"collection":[{"href":"https:\/\/www.messinaoggi.it\/website\/wp-json\/wp\/v2\/posts"}],"about":[{"href":"https:\/\/www.messinaoggi.it\/website\/wp-json\/wp\/v2\/types\/post"}],"author":[{"embeddable":true,"href":"https:\/\/www.messinaoggi.it\/website\/wp-json\/wp\/v2\/users\/2"}],"replies":[{"embeddable":true,"href":"https:\/\/www.messinaoggi.it\/website\/wp-json\/wp\/v2\/comments?post=31007"}],"version-history":[{"count":0,"href":"https:\/\/www.messinaoggi.it\/website\/wp-json\/wp\/v2\/posts\/31007\/revisions"}],"wp:featuredmedia":[{"embeddable":true,"href":"https:\/\/www.messinaoggi.it\/website\/wp-json\/wp\/v2\/media\/31006"}],"wp:attachment":[{"href":"https:\/\/www.messinaoggi.it\/website\/wp-json\/wp\/v2\/media?parent=31007"}],"wp:term":[{"taxonomy":"category","embeddable":true,"href":"https:\/\/www.messinaoggi.it\/website\/wp-json\/wp\/v2\/categories?post=31007"},{"taxonomy":"post_tag","embeddable":true,"href":"https:\/\/www.messinaoggi.it\/website\/wp-json\/wp\/v2\/tags?post=31007"}],"curies":[{"name":"wp","href":"https:\/\/api.w.org\/{rel}","templated":true}]}}