{"id":30983,"date":"2019-03-29T18:30:47","date_gmt":"2019-03-29T17:30:47","guid":{"rendered":"http:\/\/www.messinaoggi.it\/website\/?p=30983"},"modified":"2019-03-29T18:30:47","modified_gmt":"2019-03-29T17:30:47","slug":"pride-dello-stretto-pace-fatta-con-lamministrazione-comunale","status":"publish","type":"post","link":"https:\/\/www.messinaoggi.it\/website\/2019\/03\/29\/pride-dello-stretto-pace-fatta-con-lamministrazione-comunale\/","title":{"rendered":"&quot;Pride dello Stretto&quot;, pace fatta con l&#039;amministrazione comunale"},"content":{"rendered":"<p style=\"text-align: justify;\">Si \u00e8 tenuto con esito positivo l\u2019incontro tra il Comune di Messina, rappresentato dall\u2019assessore alle Pari Opportunit\u00e0 Carlotta Previti, e il presidente regionale dell\u2019Arcigay Rosario Duca, promotore dell\u2019evento Stretto Pride 2019. Le associazioni aderenti alla manifestazione si impegnano a garantire che l\u2019evento, in programma l\u20198 giugno, si svolga nel rispetto dell\u2019art. 21 della Costituzione e dell\u2019art. 527 del codice penale che vietano manifestazioni contrarie al buon costume e ad atti osceni in luogo pubblico. Saranno garantiti il rispetto del piano di sicurezza che sar\u00e0 definito con gli organi di controllo di sicurezza pubblica e il divieto di utilizzo di bottiglie di vetro.<div id=\"div-gpt-ad-Messinaoggi.it-DSK-300x250-corpoart\" style=\"text-align:center;margin:0 auto;\"><\/div><\/p>\n<p style=\"text-align: justify;\">L\u2019Arcigay assicura con personale volontario la raccolta di bicchieri, lattine e carte che i partecipanti potrebbero lasciare lungo il percorso. \u00c8 stato inoltre concordato di convocare un tavolo di sicurezza previsto entro met\u00e0 aprile con la partecipazione del Comune di Messina, Citt\u00e0 Metropolitana, Arcigay, Questura, Prefettura, Polizia Municipale, Conf-Commercio, Camera di Commercio e Confesercenti.<div id=\"videoincontent\" style=\"clear:both\";><\/div><\/p>\n","protected":false},"excerpt":{"rendered":"<p>Si \u00e8 tenuto con esito positivo l\u2019incontro tra il Comune di Messina, rappresentato dall\u2019assessore alle Pari Opportunit\u00e0 Carlotta Previti, e il presidente regionale dell\u2019Arcigay Rosario Duca, promotore dell\u2019evento Stretto Pride 2019. Le associazioni aderenti alla manifestazione si impegnano a garantire che l\u2019evento, in programma l\u20198 giugno, si svolga nel rispetto dell\u2019art. 21 della Costituzione e [&hellip;]<\/p>\n","protected":false},"author":2,"featured_media":30807,"comment_status":"closed","ping_status":"open","sticky":false,"template":"","format":"standard","meta":{"ub_ctt_via":"","_mi_skip_tracking":false},"categories":[5],"tags":[],"featured_image_src":"https:\/\/www.messinaoggi.it\/website\/wp-content\/uploads\/2019\/03\/52C59EB9-6DB7-4CB2-A6CD-CFAE43FE1CF7.jpeg","author_info":{"display_name":"Redazione","author_link":"https:\/\/www.messinaoggi.it\/website\/author\/redazione\/"},"digistream_id":0,"digistream":false,"_links":{"self":[{"href":"https:\/\/www.messinaoggi.it\/website\/wp-json\/wp\/v2\/posts\/30983"}],"collection":[{"href":"https:\/\/www.messinaoggi.it\/website\/wp-json\/wp\/v2\/posts"}],"about":[{"href":"https:\/\/www.messinaoggi.it\/website\/wp-json\/wp\/v2\/types\/post"}],"author":[{"embeddable":true,"href":"https:\/\/www.messinaoggi.it\/website\/wp-json\/wp\/v2\/users\/2"}],"replies":[{"embeddable":true,"href":"https:\/\/www.messinaoggi.it\/website\/wp-json\/wp\/v2\/comments?post=30983"}],"version-history":[{"count":0,"href":"https:\/\/www.messinaoggi.it\/website\/wp-json\/wp\/v2\/posts\/30983\/revisions"}],"wp:featuredmedia":[{"embeddable":true,"href":"https:\/\/www.messinaoggi.it\/website\/wp-json\/wp\/v2\/media\/30807"}],"wp:attachment":[{"href":"https:\/\/www.messinaoggi.it\/website\/wp-json\/wp\/v2\/media?parent=30983"}],"wp:term":[{"taxonomy":"category","embeddable":true,"href":"https:\/\/www.messinaoggi.it\/website\/wp-json\/wp\/v2\/categories?post=30983"},{"taxonomy":"post_tag","embeddable":true,"href":"https:\/\/www.messinaoggi.it\/website\/wp-json\/wp\/v2\/tags?post=30983"}],"curies":[{"name":"wp","href":"https:\/\/api.w.org\/{rel}","templated":true}]}}