{"id":30979,"date":"2019-03-29T17:23:41","date_gmt":"2019-03-29T16:23:41","guid":{"rendered":"http:\/\/www.messinaoggi.it\/website\/?p=30979"},"modified":"2019-03-29T17:23:41","modified_gmt":"2019-03-29T16:23:41","slug":"automobilismo-presentato-il-terzo-slalom-di-salice","status":"publish","type":"post","link":"https:\/\/www.messinaoggi.it\/website\/2019\/03\/29\/automobilismo-presentato-il-terzo-slalom-di-salice\/","title":{"rendered":"Automobilismo: presentato il &quot;Terzo Slalom di Salice&quot;"},"content":{"rendered":"<p style=\"text-align: justify;\">E&#8217; stato presentato oggi a Palazzo Zanca dall\u2019assessore alle Attivit\u00e0 Sportive Giuseppe Scattareggia, dai rappresentanti dell\u2019Associazione sportiva Top Competition e dal presidente di Automobile Club Messina Massimo Rinaldi insieme al vice presidente Marco Messina il \u201c3\u00b0 Slalom di Salice\u201d, corsa automobilistica in programma domani, sabato 30, e domenica 31. \u201c\u00c8 intenzione dell\u2019Amministrazione comunale \u2013 ha evidenziato l\u2019assessore Scattareggia \u2013 valorizzare tutti gli sport e gettare le basi per fare tornare la citt\u00e0 di Messina ai vertici delle attivit\u00e0 sportive a quattro ruote\u201d. L\u2019evento, cui si sono iscritti ottantadue concorrenti, \u00e8 la gara di apertura del campionato siciliano e si snoder\u00e0 lungo un percorso di 2 km e 900 metri con tredici postazioni di rallentamento.<div id=\"div-gpt-ad-Messinaoggi.it-DSK-300x250-corpoart\" style=\"text-align:center;margin:0 auto;\"><\/div><\/p>\n<p style=\"text-align: justify;\">Le verifiche sono previste domani dalle ore 15 in poi, mentre domenica 31 la partenza \u00e8 fissata alle 8. Per consentire lo svolgimento della gara automobilistica il dipartimento Mobilit\u00e0 Urbana e Viabilit\u00e0 ha disposto provvedimenti viari. Pertanto, sul lato sinistro, direzione mare-monte della via Principe Umberto (dal km. 3+000 al km. 5+000 della strada provinciale 51 di Salice), domani, sabato 30, vigeranno i divieti di sosta, dalle ore 9 alle 20, e di transito dalle 13 alle 20; domenica 31, sosta e transito saranno vietati dalle 6 sino a 30 minuti dalla fine della gara. L\u2019accesso sar\u00e0 consentito solo ai residenti, ai partecipanti ed agli addetti ai lavori.<div id=\"videoincontent\" style=\"clear:both\";><\/div><\/p>\n","protected":false},"excerpt":{"rendered":"<p>E&#8217; stato presentato oggi a Palazzo Zanca dall\u2019assessore alle Attivit\u00e0 Sportive Giuseppe Scattareggia, dai rappresentanti dell\u2019Associazione sportiva Top Competition e dal presidente di Automobile Club Messina Massimo Rinaldi insieme al vice presidente Marco Messina il \u201c3\u00b0 Slalom di Salice\u201d, corsa automobilistica in programma domani, sabato 30, e domenica 31. \u201c\u00c8 intenzione dell\u2019Amministrazione comunale \u2013 ha [&hellip;]<\/p>\n","protected":false},"author":2,"featured_media":25967,"comment_status":"closed","ping_status":"open","sticky":false,"template":"","format":"standard","meta":{"ub_ctt_via":"","_mi_skip_tracking":false},"categories":[8,9],"tags":[],"featured_image_src":"https:\/\/www.messinaoggi.it\/website\/wp-content\/uploads\/2018\/10\/tindari-rally.jpg","author_info":{"display_name":"Redazione","author_link":"https:\/\/www.messinaoggi.it\/website\/author\/redazione\/"},"digistream_id":0,"digistream":false,"_links":{"self":[{"href":"https:\/\/www.messinaoggi.it\/website\/wp-json\/wp\/v2\/posts\/30979"}],"collection":[{"href":"https:\/\/www.messinaoggi.it\/website\/wp-json\/wp\/v2\/posts"}],"about":[{"href":"https:\/\/www.messinaoggi.it\/website\/wp-json\/wp\/v2\/types\/post"}],"author":[{"embeddable":true,"href":"https:\/\/www.messinaoggi.it\/website\/wp-json\/wp\/v2\/users\/2"}],"replies":[{"embeddable":true,"href":"https:\/\/www.messinaoggi.it\/website\/wp-json\/wp\/v2\/comments?post=30979"}],"version-history":[{"count":0,"href":"https:\/\/www.messinaoggi.it\/website\/wp-json\/wp\/v2\/posts\/30979\/revisions"}],"wp:featuredmedia":[{"embeddable":true,"href":"https:\/\/www.messinaoggi.it\/website\/wp-json\/wp\/v2\/media\/25967"}],"wp:attachment":[{"href":"https:\/\/www.messinaoggi.it\/website\/wp-json\/wp\/v2\/media?parent=30979"}],"wp:term":[{"taxonomy":"category","embeddable":true,"href":"https:\/\/www.messinaoggi.it\/website\/wp-json\/wp\/v2\/categories?post=30979"},{"taxonomy":"post_tag","embeddable":true,"href":"https:\/\/www.messinaoggi.it\/website\/wp-json\/wp\/v2\/tags?post=30979"}],"curies":[{"name":"wp","href":"https:\/\/api.w.org\/{rel}","templated":true}]}}