{"id":30970,"date":"2019-03-29T11:37:58","date_gmt":"2019-03-29T10:37:58","guid":{"rendered":"http:\/\/www.messinaoggi.it\/website\/?p=30970"},"modified":"2019-03-29T11:37:58","modified_gmt":"2019-03-29T10:37:58","slug":"storia-da-libro-cuore-migrante-dorme-in-strada-per-stare-vicino-ai-figli","status":"publish","type":"post","link":"https:\/\/www.messinaoggi.it\/website\/2019\/03\/29\/storia-da-libro-cuore-migrante-dorme-in-strada-per-stare-vicino-ai-figli\/","title":{"rendered":"Storia da libro Cuore: migrante dorme in strada per stare vicino ai figli"},"content":{"rendered":"<p style=\"text-align: justify;\">Da due notti dorme per strada all\u2019addiaccio, davanti al cancello d\u2019ingresso di una casa-famiglia dove si trovano i suoi figli. Siamo a Faro Superiore, proprio in corrispondenza di casa \u201cArzilla\u201d, una struttura autorizzata che accoglie minori stranieri.<div id=\"div-gpt-ad-Messinaoggi.it-DSK-300x250-corpoart\" style=\"text-align:center;margin:0 auto;\"><\/div><\/p>\n<p style=\"text-align: justify;\">Sulla vicenda trapela poco o nulla dal momento che ci sono di mezzo minori e per di pi\u00f9 migranti giunti a Messina dopo un viaggio in mare molto travagliato.<div id=\"videoincontent\" style=\"clear:both\";><\/div><\/p>\n<p style=\"text-align: justify;\">La presenza della donna africana (si sconosce la nazionalit\u00e0), ha suscitato la compassione delle famiglie residenti a Faro Superiore che hanno iniziato un\u2019autentica gara di solidariet\u00e0 per dare assistenza alla donna. Ieri notte qualcuno le fornito generi di conforto e coperte per affrontare la notte.<\/p>\n<p style=\"text-align: justify;\">La migrante non parla l\u2019italiano e fatica a farsi comprendere dai cittadini che cercano di darle sostegno. A quanto pare \u2013 \u00e8 quello che riferiscono i residenti \u2013 le autorit\u00e0 hanno sottratto i figli alla donna e per il momento risiedono presso la casa di accoglienza. La donna teme di perdere i figli e per questo motivo staziona da due giorni proprio al cancello d\u2019ingresso. Pare che i bimbi siano in tenera et\u00e0.<\/p>\n<p style=\"text-align: justify;\">E\u2019 una vicenda tristissima che merita l\u2019attenzione da parte dei Servizi sociali, dal momento che \u00e8 impensabile che la donna possa trascorrere altre notti su un giaciglio per strada.<\/p>\n<p>&#8220;Abbiamo tentato di dare ospitalit\u00e0 alla donna &#8211; hanno detto alcuni residenti della zona -, ma lei si rifiuta, vuole rimanere l\u00ec dov&#8217;\u00e8 di fronte al cancello, sperando di vedere i figli&#8221;.<\/p>\n","protected":false},"excerpt":{"rendered":"<p>Da due notti dorme per strada all\u2019addiaccio, davanti al cancello d\u2019ingresso di una casa-famiglia dove si trovano i suoi figli. Siamo a Faro Superiore, proprio in corrispondenza di casa \u201cArzilla\u201d, una struttura autorizzata che accoglie minori stranieri. Sulla vicenda trapela poco o nulla dal momento che ci sono di mezzo minori e per di pi\u00f9 [&hellip;]<\/p>\n","protected":false},"author":2,"featured_media":30965,"comment_status":"closed","ping_status":"open","sticky":false,"template":"","format":"standard","meta":{"ub_ctt_via":"","_mi_skip_tracking":false},"categories":[19,6],"tags":[],"featured_image_src":"https:\/\/www.messinaoggi.it\/website\/wp-content\/uploads\/2019\/03\/50D7C6FC-E2B0-48ED-943A-5DA559DE0827.jpeg","author_info":{"display_name":"Redazione","author_link":"https:\/\/www.messinaoggi.it\/website\/author\/redazione\/"},"digistream_id":0,"digistream":false,"_links":{"self":[{"href":"https:\/\/www.messinaoggi.it\/website\/wp-json\/wp\/v2\/posts\/30970"}],"collection":[{"href":"https:\/\/www.messinaoggi.it\/website\/wp-json\/wp\/v2\/posts"}],"about":[{"href":"https:\/\/www.messinaoggi.it\/website\/wp-json\/wp\/v2\/types\/post"}],"author":[{"embeddable":true,"href":"https:\/\/www.messinaoggi.it\/website\/wp-json\/wp\/v2\/users\/2"}],"replies":[{"embeddable":true,"href":"https:\/\/www.messinaoggi.it\/website\/wp-json\/wp\/v2\/comments?post=30970"}],"version-history":[{"count":0,"href":"https:\/\/www.messinaoggi.it\/website\/wp-json\/wp\/v2\/posts\/30970\/revisions"}],"wp:featuredmedia":[{"embeddable":true,"href":"https:\/\/www.messinaoggi.it\/website\/wp-json\/wp\/v2\/media\/30965"}],"wp:attachment":[{"href":"https:\/\/www.messinaoggi.it\/website\/wp-json\/wp\/v2\/media?parent=30970"}],"wp:term":[{"taxonomy":"category","embeddable":true,"href":"https:\/\/www.messinaoggi.it\/website\/wp-json\/wp\/v2\/categories?post=30970"},{"taxonomy":"post_tag","embeddable":true,"href":"https:\/\/www.messinaoggi.it\/website\/wp-json\/wp\/v2\/tags?post=30970"}],"curies":[{"name":"wp","href":"https:\/\/api.w.org\/{rel}","templated":true}]}}