{"id":30968,"date":"2019-03-29T11:28:15","date_gmt":"2019-03-29T10:28:15","guid":{"rendered":"http:\/\/www.messinaoggi.it\/website\/?p=30968"},"modified":"2019-03-29T11:28:15","modified_gmt":"2019-03-29T10:28:15","slug":"fine-settimana-discreto-e-frizzante-ad-aprile-torna-la-frescura","status":"publish","type":"post","link":"https:\/\/www.messinaoggi.it\/website\/2019\/03\/29\/fine-settimana-discreto-e-frizzante-ad-aprile-torna-la-frescura\/","title":{"rendered":"Fine settimana discreto e frizzante, ad aprile torna la frescura"},"content":{"rendered":"<p class=\"p1\" style=\"text-align: justify;\"><span class=\"s1\">Da mercoled\u00ec l&#8217;anticiclone delle Azzorre si \u00e8 concesso 48 h di inattivit\u00e0, permettendo ad un debolissimo cut off di arrecare qualche pioggia sparsa, alternata a deboli rovesci di pioggia prevalentemente avvettivi, trasmessi dall&#8217;inefficace ritornante fredda. La -26 a 500 hpa in sovrascorrimento sul mare ancora freddo ( 15.4\u00b0) serve a poco se non si dispone di un buon cape index ( nullo) e di un strato umido ai bassi strati che possa incentivare il forcing convettivo.<\/span><div id=\"div-gpt-ad-Messinaoggi.it-DSK-300x250-corpoart\" style=\"text-align:center;margin:0 auto;\"><\/div><\/p>\n<p class=\"p1\" style=\"text-align: justify;\"><span class=\"s1\">Nulla di apprezzabile a livello pluviometrico, con due giornate relativamente instabili, ma MAI perturbate. Non abbiamo avuto fortuna nemmeno in questa circostanza. Le riserve idriche iniziano a languire in modo preoccupante.<\/span><div id=\"videoincontent\" style=\"clear:both\";><\/div><\/p>\n<p class=\"p1\" style=\"text-align: justify;\"><span class=\"s1\">Nelle prossime 48 h, l&#8217;alta pressione riuscir\u00e0 a trovare una soluzione vincente, reagendo grintosamente agli impacci infrasettimanali.<\/span><\/p>\n<p class=\"p1\" style=\"text-align: justify;\"><span class=\"s1\">Come evidenzia il britannico Ecmwf, tutta la penisola sar\u00e0 sotto la salvaguardia di un esteso &#8220;panorama&#8221; anticiclonico dal valore medio di 568 dam. La qualit\u00e0 strutturale non sar\u00e0 di altissimo livello, ma sufficiente a garantire almeno 3 giorni di quiescenza meteorologica, senza alcuna scaldata termica.<\/span><\/p>\n<p class=\"p1\" style=\"text-align: justify;\"><span class=\"s1\">Con questo quadro idilliaco, il week end finale di Marzo sar\u00e0 qualificato dal bel tempo, con cielo terso o al pi\u00f9 poco nuvoloso a monte. Ottimo soleggiamento diurno, buona qualit\u00e0 dell&#8217;aria e brezze settentrionali ai bassi strati ( 10-15 nodi).<\/span><\/p>\n<p class=\"p1\" style=\"text-align: justify;\"><span class=\"s1\">I mari si manterranno poco mossi, con qualche lieve increspatura tirrenica, mentre lo Stretto di Messina permarr\u00e0 calmo. I venti spireranno debolmente a regime di zefiro, con predominanza di un frizzante maestrale (NW) tirrenico, mentre sullo Stretto operer\u00e0 l&#8217;immancabile vento cavaliere (NE), che non permetter\u00e0 MAI alla colonnina di mercurio di varcare la soglia dei 13\u00b0 all&#8217;ombra. Attenzione alla pericolosa escursione termica, usuale per la stagione in corso.<\/span><\/p>\n<p class=\"p1\" style=\"text-align: justify;\"><span class=\"s1\">Il tasso del&#8217;UR far\u00e0 segnare valori mediamente elevati compresi fra il 50 e il 90%.<\/span><\/p>\n<p class=\"p1\" style=\"text-align: justify;\"><span class=\"s1\">Le tendenze del tempo a medio termine previste per la prossima settimana prefigurano una buona efficienza altopressoria almeno fino a martedi. Ma un lieve depotenziamento strutturale favorir\u00e0 l&#8217;afflusso di aria umida ai bassi strati, con la concreta evenienza di corrucciamenti stratiformi, alternati a sterili stratocumuli mercoledi.<\/span><\/p>\n<p class=\"p1\" style=\"text-align: justify;\"><span class=\"s1\">Un vastissimo e ben strutturato serbatoio depressionario si metter\u00e0 in evidenza fra Mittle Europa e regioni nordoccidentali italiche, rifilando alla Sicilia un sostenuto flusso sciroccale foriero di piogge e rovesci al pi\u00f9 moderati. Lo scirocco scuro, che sovente irrompe in primavera, riaccender\u00e0 una BLANDA variabilit\u00e0 negativa, senza alcun fenomeno da attenzionare, poich\u00e8 l&#8217;epicentro depressionario non avr\u00e0 la forza di occupare l&#8217;intero Mediterraneo. La stabilit\u00e0? Se ne parla a fine Luglio. Un grazie di cuore e arrivederci.<\/span><\/p>\n<p style=\"text-align: right;\"><strong>Alessio Campobello<\/strong><\/p>\n","protected":false},"excerpt":{"rendered":"<p>Da mercoled\u00ec l&#8217;anticiclone delle Azzorre si \u00e8 concesso 48 h di inattivit\u00e0, permettendo ad un debolissimo cut off di arrecare qualche pioggia sparsa, alternata a deboli rovesci di pioggia prevalentemente avvettivi, trasmessi dall&#8217;inefficace ritornante fredda. La -26 a 500 hpa in sovrascorrimento sul mare ancora freddo ( 15.4\u00b0) serve a poco se non si dispone [&hellip;]<\/p>\n","protected":false},"author":2,"featured_media":30967,"comment_status":"closed","ping_status":"open","sticky":false,"template":"","format":"standard","meta":{"ub_ctt_via":"","_mi_skip_tracking":false},"categories":[6],"tags":[],"featured_image_src":"https:\/\/www.messinaoggi.it\/website\/wp-content\/uploads\/2019\/03\/A42EE9E3-2B28-47A4-8F86-67CBD9BE4BAE.gif","author_info":{"display_name":"Redazione","author_link":"https:\/\/www.messinaoggi.it\/website\/author\/redazione\/"},"digistream_id":0,"digistream":false,"_links":{"self":[{"href":"https:\/\/www.messinaoggi.it\/website\/wp-json\/wp\/v2\/posts\/30968"}],"collection":[{"href":"https:\/\/www.messinaoggi.it\/website\/wp-json\/wp\/v2\/posts"}],"about":[{"href":"https:\/\/www.messinaoggi.it\/website\/wp-json\/wp\/v2\/types\/post"}],"author":[{"embeddable":true,"href":"https:\/\/www.messinaoggi.it\/website\/wp-json\/wp\/v2\/users\/2"}],"replies":[{"embeddable":true,"href":"https:\/\/www.messinaoggi.it\/website\/wp-json\/wp\/v2\/comments?post=30968"}],"version-history":[{"count":0,"href":"https:\/\/www.messinaoggi.it\/website\/wp-json\/wp\/v2\/posts\/30968\/revisions"}],"wp:featuredmedia":[{"embeddable":true,"href":"https:\/\/www.messinaoggi.it\/website\/wp-json\/wp\/v2\/media\/30967"}],"wp:attachment":[{"href":"https:\/\/www.messinaoggi.it\/website\/wp-json\/wp\/v2\/media?parent=30968"}],"wp:term":[{"taxonomy":"category","embeddable":true,"href":"https:\/\/www.messinaoggi.it\/website\/wp-json\/wp\/v2\/categories?post=30968"},{"taxonomy":"post_tag","embeddable":true,"href":"https:\/\/www.messinaoggi.it\/website\/wp-json\/wp\/v2\/tags?post=30968"}],"curies":[{"name":"wp","href":"https:\/\/api.w.org\/{rel}","templated":true}]}}