{"id":30956,"date":"2019-03-28T21:01:59","date_gmt":"2019-03-28T20:01:59","guid":{"rendered":"http:\/\/www.messinaoggi.it\/website\/?p=30956"},"modified":"2019-03-28T21:01:59","modified_gmt":"2019-03-28T20:01:59","slug":"al-via-i-casting-per-il-film-terra-nera-2","status":"publish","type":"post","link":"https:\/\/www.messinaoggi.it\/website\/2019\/03\/28\/al-via-i-casting-per-il-film-terra-nera-2\/","title":{"rendered":"Al via i casting per il film &quot;Terra nera 2&quot;"},"content":{"rendered":"<p>Dopo il successo riscosso dal film \u201cTerra nera\u201d, proiettato lo scorso 12 e 26 \u00a0febbraio \u00a0al Cinema Apollo di Messina tutto \u00e8 pronto per dare il via al casting e alle riprese di\u00a0 Terra Nera 2.\u00a0 Diretto e interpretato da Salvo D\u2019Angelo, Armando Manuguerra, Antonio Giaimo e Giuseppe La Malfa, il\u00a0 nuovo progetto cinematografico di Salvo \u00a0sar\u00e0 realizzato e prodotto dall\u2019Associazione MaryWebEventy e dalla Giaguaro Film.<br \/>\nPer la realizzazione di questo nuovo capitolo si selezionano attori\/attrici dai 18 ai 65 anni. Si precisa che non si richiedono particolari precedenti esperienze recitative anche se poi i selezionati dovranno interpretare ruoli di rilievo. I casting, consistenti in una video-intervista, si terranno a Messina, precisamente marted\u00ec 2 e gioved\u00ec 4 aprile 2019, dalle ore 16.30 alle ore 19.00, presso la sede dell\u2019ABAM, Accademia Belle Arti di Messina sita in via Macello Vecchio. Chiunque volesse partecipare ai casting dovr\u00e0 portare con se un documento di identit\u00e0 valido ed il curriculum (soltanto se ha gi\u00e0 preso parte ad altri lavori).<br \/>\nSalvo D\u2019Angelo noto a Messina per i suoi precedenti lavori come \u201cMafia My Love&#8221; e altri diversi corti, sar\u00e0 affiancato da Tito Lanciano sceneggiatore e regista del film \u201cMalaspina\u201d, prodotto da MaryWebEventy,\u00a0 girato in Calabria e Sicilia e che sar\u00e0 presentato a fine settembre 2019 nelle sale cinematografiche delle due regioni.<br \/>\nLe iscrizioni alle selezioni, grazie alla collaborazione di CostaJonicaWeb.it, MediaPartner, possono anche avvenire online al seguente link: https:\/\/www.costajonicaweb.it\/eventi-maryweb\/marywebeventy-iscrizione-artisti\/<br \/>\nIl primo ciak \u00e8 previsto per i primi giorni di maggio. Le riprese interesseranno la zona di Messina e provincia.<br \/>\nE allora sotto a chi tocca. Dare vita ai propri sogni non \u00e8 mai stato cos\u00ec accessibile.<br \/>\n <br \/>\n <div id=\"div-gpt-ad-Messinaoggi.it-DSK-300x250-corpoart\" style=\"text-align:center;margin:0 auto;\"><\/div><\/p>\n<div id=\"videoincontent\" style=\"clear:both\";><\/div>","protected":false},"excerpt":{"rendered":"<p>Dopo il successo riscosso dal film \u201cTerra nera\u201d, proiettato lo scorso 12 e 26 \u00a0febbraio \u00a0al Cinema Apollo di Messina tutto \u00e8 pronto per dare il via al casting e alle riprese di\u00a0 Terra Nera 2.\u00a0 Diretto e interpretato da Salvo D\u2019Angelo, Armando Manuguerra, Antonio Giaimo e Giuseppe La Malfa, il\u00a0 nuovo progetto cinematografico di [&hellip;]<\/p>\n","protected":false},"author":5,"featured_media":30957,"comment_status":"closed","ping_status":"open","sticky":false,"template":"","format":"standard","meta":{"ub_ctt_via":"","_mi_skip_tracking":false},"categories":[17],"tags":[],"featured_image_src":"https:\/\/www.messinaoggi.it\/website\/wp-content\/uploads\/2019\/03\/terra-nera-2.png","author_info":{"display_name":"Maria Antonella Saia","author_link":"https:\/\/www.messinaoggi.it\/website\/author\/m-saia\/"},"digistream_id":0,"digistream":false,"_links":{"self":[{"href":"https:\/\/www.messinaoggi.it\/website\/wp-json\/wp\/v2\/posts\/30956"}],"collection":[{"href":"https:\/\/www.messinaoggi.it\/website\/wp-json\/wp\/v2\/posts"}],"about":[{"href":"https:\/\/www.messinaoggi.it\/website\/wp-json\/wp\/v2\/types\/post"}],"author":[{"embeddable":true,"href":"https:\/\/www.messinaoggi.it\/website\/wp-json\/wp\/v2\/users\/5"}],"replies":[{"embeddable":true,"href":"https:\/\/www.messinaoggi.it\/website\/wp-json\/wp\/v2\/comments?post=30956"}],"version-history":[{"count":0,"href":"https:\/\/www.messinaoggi.it\/website\/wp-json\/wp\/v2\/posts\/30956\/revisions"}],"wp:featuredmedia":[{"embeddable":true,"href":"https:\/\/www.messinaoggi.it\/website\/wp-json\/wp\/v2\/media\/30957"}],"wp:attachment":[{"href":"https:\/\/www.messinaoggi.it\/website\/wp-json\/wp\/v2\/media?parent=30956"}],"wp:term":[{"taxonomy":"category","embeddable":true,"href":"https:\/\/www.messinaoggi.it\/website\/wp-json\/wp\/v2\/categories?post=30956"},{"taxonomy":"post_tag","embeddable":true,"href":"https:\/\/www.messinaoggi.it\/website\/wp-json\/wp\/v2\/tags?post=30956"}],"curies":[{"name":"wp","href":"https:\/\/api.w.org\/{rel}","templated":true}]}}